{"id":4034,"date":"2015-04-26T13:02:18","date_gmt":"2015-04-26T11:02:18","guid":{"rendered":"http:\/\/www.pacogimenez.com\/?p=4034"},"modified":"2015-07-02T11:34:47","modified_gmt":"2015-07-02T09:34:47","slug":"29-poemes-per-al-dia-dia-un-per-la-nit","status":"publish","type":"post","link":"https:\/\/www.pacogimenez.com\/en\/29-poemes-per-al-dia-dia-un-per-la-nit\/","title":{"rendered":"&#8220;29 poemes per al dia a dia i un per a la nit&#8221;"},"content":{"rendered":"<p>Cuanta m\u00e1s poes\u00eda ilustro m\u00e1s lo disfruto (Este es ya mi sexto poemario), pero realmente, m\u00e1s que &#8220;ilustrar&#8221; las ideas de otros, intento crear mis propios poemas visuales, lo que resulta especialmente creativo y gratificante.<br \/>\nY en esta ocasi\u00f3n, tambi\u00e9n ha sido muy divertido, pues el punto de partida son los poemas de Carles Cano y su intr\u00ednseco sentido del humor.<br \/>\nEl libro lo publica Edicions Bromera en la colecci\u00f3n El Micalet Gal\u00e0ctic, Serie roja. Es decir, para ni\u00f1os y ni\u00f1as a partir de los 10 a\u00f1os y hasta los 100.<br \/>\n&nbsp;<br \/>\n&nbsp;<br \/>\n<a href=\"http:\/\/www.pacogimenez.com\/wp-content\/uploads\/La-Mar-+-Musica-callejera-29-poemes-Carles-Cano-+-Paco-Gimenez-Ed-Bromera.jpg\"><img loading=\"lazy\" decoding=\"async\" class=\"alignnone size-full wp-image-4051\" alt=\"La-Mar-+-Musica-callejera--29-poemes-Carles-Cano-+-Paco-Gimenez-Ed-Bromera\" src=\"http:\/\/www.pacogimenez.com\/wp-content\/uploads\/La-Mar-+-Musica-callejera-29-poemes-Carles-Cano-+-Paco-Gimenez-Ed-Bromera.jpg\" width=\"720\" height=\"556\" srcset=\"https:\/\/www.pacogimenez.com\/wp-content\/uploads\/La-Mar-+-Musica-callejera-29-poemes-Carles-Cano-+-Paco-Gimenez-Ed-Bromera.jpg 720w, https:\/\/www.pacogimenez.com\/wp-content\/uploads\/La-Mar-+-Musica-callejera-29-poemes-Carles-Cano-+-Paco-Gimenez-Ed-Bromera-300x231.jpg 300w\" sizes=\"auto, (max-width: 720px) 100vw, 720px\" \/><\/a><br \/>\nLa Mar; M\u00fasica callejera<br \/>\n&nbsp;<br \/>\n<a href=\"http:\/\/www.pacogimenez.com\/wp-content\/uploads\/Invierno-29-poemes-per-al-dia-a-dia-i-un-per-a-la-nit-Carles-Cano-+-Paco-Gimenez-Ed-Bromera.jpg\"><img loading=\"lazy\" decoding=\"async\" class=\"alignnone size-full wp-image-4040\" alt=\"Invierno--29-poemes-per-al-dia-a-dia-i-un-per-a-la-nit--Carles-Cano-+-Paco-Gimenez--Ed-Bromera\" src=\"http:\/\/www.pacogimenez.com\/wp-content\/uploads\/Invierno-29-poemes-per-al-dia-a-dia-i-un-per-a-la-nit-Carles-Cano-+-Paco-Gimenez-Ed-Bromera.jpg\" width=\"1200\" height=\"947\" srcset=\"https:\/\/www.pacogimenez.com\/wp-content\/uploads\/Invierno-29-poemes-per-al-dia-a-dia-i-un-per-a-la-nit-Carles-Cano-+-Paco-Gimenez-Ed-Bromera.jpg 1200w, https:\/\/www.pacogimenez.com\/wp-content\/uploads\/Invierno-29-poemes-per-al-dia-a-dia-i-un-per-a-la-nit-Carles-Cano-+-Paco-Gimenez-Ed-Bromera-300x236.jpg 300w, https:\/\/www.pacogimenez.com\/wp-content\/uploads\/Invierno-29-poemes-per-al-dia-a-dia-i-un-per-a-la-nit-Carles-Cano-+-Paco-Gimenez-Ed-Bromera-1024x808.jpg 1024w\" sizes=\"auto, (max-width: 1200px) 100vw, 1200px\" \/><\/a><br \/>\nInvierno<br \/>\n&nbsp;<br \/>\n<a href=\"http:\/\/www.pacogimenez.com\/wp-content\/uploads\/Estio-29-poemes-per-al-dia-a-dia-i-un-per-a-la-nit-Carles-Cano-+-Paco-Gimenez-Ed-Bromera.jpg\"><img loading=\"lazy\" decoding=\"async\" class=\"alignnone size-full wp-image-4041\" alt=\"Estio--29-poemes-per-al-dia-a-dia-i-un-per-a-la-nit--Carles-Cano-+-Paco-Gimenez--Ed-Bromera\" src=\"http:\/\/www.pacogimenez.com\/wp-content\/uploads\/Estio-29-poemes-per-al-dia-a-dia-i-un-per-a-la-nit-Carles-Cano-+-Paco-Gimenez-Ed-Bromera.jpg\" width=\"1200\" height=\"946\" srcset=\"https:\/\/www.pacogimenez.com\/wp-content\/uploads\/Estio-29-poemes-per-al-dia-a-dia-i-un-per-a-la-nit-Carles-Cano-+-Paco-Gimenez-Ed-Bromera.jpg 1200w, https:\/\/www.pacogimenez.com\/wp-content\/uploads\/Estio-29-poemes-per-al-dia-a-dia-i-un-per-a-la-nit-Carles-Cano-+-Paco-Gimenez-Ed-Bromera-300x236.jpg 300w, https:\/\/www.pacogimenez.com\/wp-content\/uploads\/Estio-29-poemes-per-al-dia-a-dia-i-un-per-a-la-nit-Carles-Cano-+-Paco-Gimenez-Ed-Bromera-1024x807.jpg 1024w\" sizes=\"auto, (max-width: 1200px) 100vw, 1200px\" \/><\/a><br \/>\nEst\u00edo<br \/>\n&nbsp;<br \/>\n&nbsp;<br \/>\nSobre el <a title=\"acto de presentaci\u00f3n\" href=\"http:\/\/www.pacogimenez.com\/presentacion-de-29-poemes-en-la-feria-del-libro\/\" target=\"_blank\">acto de presentaci\u00f3n<\/a><br \/>\nTres <a title=\"v\u00eddeos sobre \" href=\"http:\/\/www.pacogimenez.com\/tres-videos-sobre-29-poemes\/http:\/\/\" target=\"_blank\">v\u00eddeos sobre &#8220;29 poemes&#8221;<\/a><\/p>","protected":false},"excerpt":{"rendered":"<p>Cuanta m\u00e1s poes\u00eda ilustro m\u00e1s lo disfruto (Este es ya mi sexto poemario), pero realmente, m\u00e1s que &#8220;ilustrar&#8221; las ideas de otros, intento crear mis propios poemas visuales, lo que resulta especialmente creativo y gratificante. Y en esta ocasi\u00f3n, tambi\u00e9n ha sido muy divertido, pues el punto de partida son los poemas de Carles Cano&#8230;<\/p>\n","protected":false},"author":1,"featured_media":4038,"comment_status":"closed","ping_status":"closed","sticky":false,"template":"","format":"standard","meta":{"_monsterinsights_skip_tracking":false,"_monsterinsights_sitenote_active":false,"_monsterinsights_sitenote_note":"","_monsterinsights_sitenote_category":0,"footnotes":""},"categories":[16],"tags":[],"class_list":["post-4034","post","type-post","status-publish","format-standard","has-post-thumbnail","hentry","category-noticias"],"yoast_head":"<!-- This site is optimized with the Yoast SEO plugin v27.2 - https:\/\/yoast.com\/product\/yoast-seo-wordpress\/ -->\n<title>&quot;29 poemes per al dia a dia i un per a la nit&quot;<\/title>\n<meta name=\"robots\" content=\"index, follow, max-snippet:-1, max-image-preview:large, max-video-preview:-1\" \/>\n<link rel=\"canonical\" href=\"https:\/\/www.pacogimenez.com\/29-poemes-per-al-dia-dia-un-per-la-nit\/\" \/>\n<meta property=\"og:locale\" content=\"en_US\" \/>\n<meta property=\"og:type\" content=\"article\" \/>\n<meta property=\"og:title\" content=\"&quot;29 poemes per al dia a dia i un per a la nit&quot;\" \/>\n<meta property=\"og:description\" content=\"Cuanta m\u00e1s poes\u00eda ilustro m\u00e1s lo disfruto (Este es ya mi sexto poemario), pero realmente, m\u00e1s que &#8220;ilustrar&#8221; las ideas de otros, intento crear mis propios poemas visuales, lo que resulta especialmente creativo y gratificante. Y en esta ocasi\u00f3n, tambi\u00e9n ha sido muy divertido, pues el punto de partida son los poemas de Carles Cano...\" \/>\n<meta property=\"og:url\" content=\"https:\/\/www.pacogimenez.com\/29-poemes-per-al-dia-dia-un-per-la-nit\/\" \/>\n<meta property=\"og:site_name\" content=\"(Espa\u00f1ol) Paco Gim\u00e9nez\" \/>\n<meta property=\"article:published_time\" content=\"2015-04-26T11:02:18+00:00\" \/>\n<meta property=\"article:modified_time\" content=\"2015-07-02T09:34:47+00:00\" \/>\n<meta property=\"og:image\" content=\"https:\/\/www.pacogimenez.com\/wp-content\/uploads\/dest-29-poemes-Carles-Cano+Paco-Gimenez-Ed-Bromera.jpg\" \/>\n\t<meta property=\"og:image:width\" content=\"720\" \/>\n\t<meta property=\"og:image:height\" content=\"170\" \/>\n\t<meta property=\"og:image:type\" content=\"image\/jpeg\" \/>\n<meta name=\"author\" content=\"admin\" \/>\n<meta name=\"twitter:label1\" content=\"Written by\" \/>\n\t<meta name=\"twitter:data1\" content=\"admin\" \/>\n\t<meta name=\"twitter:label2\" content=\"Est. reading time\" \/>\n\t<meta name=\"twitter:data2\" content=\"2 minutes\" \/>\n<script type=\"application\/ld+json\" class=\"yoast-schema-graph\">{\"@context\":\"https:\/\/schema.org\",\"@graph\":[{\"@type\":\"Article\",\"@id\":\"https:\/\/www.pacogimenez.com\/29-poemes-per-al-dia-dia-un-per-la-nit\/#article\",\"isPartOf\":{\"@id\":\"https:\/\/www.pacogimenez.com\/29-poemes-per-al-dia-dia-un-per-la-nit\/\"},\"author\":{\"name\":\"admin\",\"@id\":\"https:\/\/www.pacogimenez.com\/#\/schema\/person\/9f329781fb1650669c332dfe4328f75d\"},\"headline\":\"&#8220;29 poemes per al dia a dia i un per a la nit&#8221;\",\"datePublished\":\"2015-04-26T11:02:18+00:00\",\"dateModified\":\"2015-07-02T09:34:47+00:00\",\"mainEntityOfPage\":{\"@id\":\"https:\/\/www.pacogimenez.com\/29-poemes-per-al-dia-dia-un-per-la-nit\/\"},\"wordCount\":415,\"image\":{\"@id\":\"https:\/\/www.pacogimenez.com\/29-poemes-per-al-dia-dia-un-per-la-nit\/#primaryimage\"},\"thumbnailUrl\":\"https:\/\/www.pacogimenez.com\/wp-content\/uploads\/dest-29-poemes-Carles-Cano+Paco-Gimenez-Ed-Bromera.jpg\",\"articleSection\":[\"News\"],\"inLanguage\":\"en-US\"},{\"@type\":\"WebPage\",\"@id\":\"https:\/\/www.pacogimenez.com\/29-poemes-per-al-dia-dia-un-per-la-nit\/\",\"url\":\"https:\/\/www.pacogimenez.com\/29-poemes-per-al-dia-dia-un-per-la-nit\/\",\"name\":\"\\\"29 poemes per al dia a dia i un per a la nit\\\"\",\"isPartOf\":{\"@id\":\"https:\/\/www.pacogimenez.com\/#website\"},\"primaryImageOfPage\":{\"@id\":\"https:\/\/www.pacogimenez.com\/29-poemes-per-al-dia-dia-un-per-la-nit\/#primaryimage\"},\"image\":{\"@id\":\"https:\/\/www.pacogimenez.com\/29-poemes-per-al-dia-dia-un-per-la-nit\/#primaryimage\"},\"thumbnailUrl\":\"https:\/\/www.pacogimenez.com\/wp-content\/uploads\/dest-29-poemes-Carles-Cano+Paco-Gimenez-Ed-Bromera.jpg\",\"datePublished\":\"2015-04-26T11:02:18+00:00\",\"dateModified\":\"2015-07-02T09:34:47+00:00\",\"author\":{\"@id\":\"https:\/\/www.pacogimenez.com\/#\/schema\/person\/9f329781fb1650669c332dfe4328f75d\"},\"inLanguage\":\"en-US\",\"potentialAction\":[{\"@type\":\"ReadAction\",\"target\":[\"https:\/\/www.pacogimenez.com\/29-poemes-per-al-dia-dia-un-per-la-nit\/\"]}]},{\"@type\":\"ImageObject\",\"inLanguage\":\"en-US\",\"@id\":\"https:\/\/www.pacogimenez.com\/29-poemes-per-al-dia-dia-un-per-la-nit\/#primaryimage\",\"url\":\"https:\/\/www.pacogimenez.com\/wp-content\/uploads\/dest-29-poemes-Carles-Cano+Paco-Gimenez-Ed-Bromera.jpg\",\"contentUrl\":\"https:\/\/www.pacogimenez.com\/wp-content\/uploads\/dest-29-poemes-Carles-Cano+Paco-Gimenez-Ed-Bromera.jpg\",\"width\":720,\"height\":170,\"caption\":\"29 poemes Carles-Cano Paco Gimenez Ed Bromera\"},{\"@type\":\"WebSite\",\"@id\":\"https:\/\/www.pacogimenez.com\/#website\",\"url\":\"https:\/\/www.pacogimenez.com\/\",\"name\":\"(Espa\u00f1ol) Paco Gim\u00e9nez\",\"description\":\"(Espa\u00f1ol) Paco Gim\u00e9nez\",\"potentialAction\":[{\"@type\":\"SearchAction\",\"target\":{\"@type\":\"EntryPoint\",\"urlTemplate\":\"https:\/\/www.pacogimenez.com\/?s={search_term_string}\"},\"query-input\":{\"@type\":\"PropertyValueSpecification\",\"valueRequired\":true,\"valueName\":\"search_term_string\"}}],\"inLanguage\":\"en-US\"},{\"@type\":\"Person\",\"@id\":\"https:\/\/www.pacogimenez.com\/#\/schema\/person\/9f329781fb1650669c332dfe4328f75d\",\"name\":\"admin\",\"image\":{\"@type\":\"ImageObject\",\"inLanguage\":\"en-US\",\"@id\":\"https:\/\/secure.gravatar.com\/avatar\/afc8f54b600f7a3b638398e596bd2b57a2d706f374eaa2cc81ea14c9d14f72cc?s=96&d=mm&r=g\",\"url\":\"https:\/\/secure.gravatar.com\/avatar\/afc8f54b600f7a3b638398e596bd2b57a2d706f374eaa2cc81ea14c9d14f72cc?s=96&d=mm&r=g\",\"contentUrl\":\"https:\/\/secure.gravatar.com\/avatar\/afc8f54b600f7a3b638398e596bd2b57a2d706f374eaa2cc81ea14c9d14f72cc?s=96&d=mm&r=g\",\"caption\":\"admin\"},\"url\":\"https:\/\/www.pacogimenez.com\/en\/author\/admin\/\"}]}<\/script>\n<!-- \/ Yoast SEO plugin. -->","yoast_head_json":{"title":"\"29 poemes per al dia a dia i un per a la nit\"","robots":{"index":"index","follow":"follow","max-snippet":"max-snippet:-1","max-image-preview":"max-image-preview:large","max-video-preview":"max-video-preview:-1"},"canonical":"https:\/\/www.pacogimenez.com\/29-poemes-per-al-dia-dia-un-per-la-nit\/","og_locale":"en_US","og_type":"article","og_title":"\"29 poemes per al dia a dia i un per a la nit\"","og_description":"Cuanta m\u00e1s poes\u00eda ilustro m\u00e1s lo disfruto (Este es ya mi sexto poemario), pero realmente, m\u00e1s que &#8220;ilustrar&#8221; las ideas de otros, intento crear mis propios poemas visuales, lo que resulta especialmente creativo y gratificante. Y en esta ocasi\u00f3n, tambi\u00e9n ha sido muy divertido, pues el punto de partida son los poemas de Carles Cano...","og_url":"https:\/\/www.pacogimenez.com\/29-poemes-per-al-dia-dia-un-per-la-nit\/","og_site_name":"(Espa\u00f1ol) Paco Gim\u00e9nez","article_published_time":"2015-04-26T11:02:18+00:00","article_modified_time":"2015-07-02T09:34:47+00:00","og_image":[{"width":720,"height":170,"url":"https:\/\/www.pacogimenez.com\/wp-content\/uploads\/dest-29-poemes-Carles-Cano+Paco-Gimenez-Ed-Bromera.jpg","type":"image\/jpeg"}],"author":"admin","twitter_misc":{"Written by":"admin","Est. reading time":"2 minutes"},"schema":{"@context":"https:\/\/schema.org","@graph":[{"@type":"Article","@id":"https:\/\/www.pacogimenez.com\/29-poemes-per-al-dia-dia-un-per-la-nit\/#article","isPartOf":{"@id":"https:\/\/www.pacogimenez.com\/29-poemes-per-al-dia-dia-un-per-la-nit\/"},"author":{"name":"admin","@id":"https:\/\/www.pacogimenez.com\/#\/schema\/person\/9f329781fb1650669c332dfe4328f75d"},"headline":"&#8220;29 poemes per al dia a dia i un per a la nit&#8221;","datePublished":"2015-04-26T11:02:18+00:00","dateModified":"2015-07-02T09:34:47+00:00","mainEntityOfPage":{"@id":"https:\/\/www.pacogimenez.com\/29-poemes-per-al-dia-dia-un-per-la-nit\/"},"wordCount":415,"image":{"@id":"https:\/\/www.pacogimenez.com\/29-poemes-per-al-dia-dia-un-per-la-nit\/#primaryimage"},"thumbnailUrl":"https:\/\/www.pacogimenez.com\/wp-content\/uploads\/dest-29-poemes-Carles-Cano+Paco-Gimenez-Ed-Bromera.jpg","articleSection":["News"],"inLanguage":"en-US"},{"@type":"WebPage","@id":"https:\/\/www.pacogimenez.com\/29-poemes-per-al-dia-dia-un-per-la-nit\/","url":"https:\/\/www.pacogimenez.com\/29-poemes-per-al-dia-dia-un-per-la-nit\/","name":"\"29 poemes per al dia a dia i un per a la nit\"","isPartOf":{"@id":"https:\/\/www.pacogimenez.com\/#website"},"primaryImageOfPage":{"@id":"https:\/\/www.pacogimenez.com\/29-poemes-per-al-dia-dia-un-per-la-nit\/#primaryimage"},"image":{"@id":"https:\/\/www.pacogimenez.com\/29-poemes-per-al-dia-dia-un-per-la-nit\/#primaryimage"},"thumbnailUrl":"https:\/\/www.pacogimenez.com\/wp-content\/uploads\/dest-29-poemes-Carles-Cano+Paco-Gimenez-Ed-Bromera.jpg","datePublished":"2015-04-26T11:02:18+00:00","dateModified":"2015-07-02T09:34:47+00:00","author":{"@id":"https:\/\/www.pacogimenez.com\/#\/schema\/person\/9f329781fb1650669c332dfe4328f75d"},"inLanguage":"en-US","potentialAction":[{"@type":"ReadAction","target":["https:\/\/www.pacogimenez.com\/29-poemes-per-al-dia-dia-un-per-la-nit\/"]}]},{"@type":"ImageObject","inLanguage":"en-US","@id":"https:\/\/www.pacogimenez.com\/29-poemes-per-al-dia-dia-un-per-la-nit\/#primaryimage","url":"https:\/\/www.pacogimenez.com\/wp-content\/uploads\/dest-29-poemes-Carles-Cano+Paco-Gimenez-Ed-Bromera.jpg","contentUrl":"https:\/\/www.pacogimenez.com\/wp-content\/uploads\/dest-29-poemes-Carles-Cano+Paco-Gimenez-Ed-Bromera.jpg","width":720,"height":170,"caption":"29 poemes Carles-Cano Paco Gimenez Ed Bromera"},{"@type":"WebSite","@id":"https:\/\/www.pacogimenez.com\/#website","url":"https:\/\/www.pacogimenez.com\/","name":"(Espa\u00f1ol) Paco Gim\u00e9nez","description":"(Espa\u00f1ol) Paco Gim\u00e9nez","potentialAction":[{"@type":"SearchAction","target":{"@type":"EntryPoint","urlTemplate":"https:\/\/www.pacogimenez.com\/?s={search_term_string}"},"query-input":{"@type":"PropertyValueSpecification","valueRequired":true,"valueName":"search_term_string"}}],"inLanguage":"en-US"},{"@type":"Person","@id":"https:\/\/www.pacogimenez.com\/#\/schema\/person\/9f329781fb1650669c332dfe4328f75d","name":"admin","image":{"@type":"ImageObject","inLanguage":"en-US","@id":"https:\/\/secure.gravatar.com\/avatar\/afc8f54b600f7a3b638398e596bd2b57a2d706f374eaa2cc81ea14c9d14f72cc?s=96&d=mm&r=g","url":"https:\/\/secure.gravatar.com\/avatar\/afc8f54b600f7a3b638398e596bd2b57a2d706f374eaa2cc81ea14c9d14f72cc?s=96&d=mm&r=g","contentUrl":"https:\/\/secure.gravatar.com\/avatar\/afc8f54b600f7a3b638398e596bd2b57a2d706f374eaa2cc81ea14c9d14f72cc?s=96&d=mm&r=g","caption":"admin"},"url":"https:\/\/www.pacogimenez.com\/en\/author\/admin\/"}]}},"_links":{"self":[{"href":"https:\/\/www.pacogimenez.com\/en\/wp-json\/wp\/v2\/posts\/4034","targetHints":{"allow":["GET"]}}],"collection":[{"href":"https:\/\/www.pacogimenez.com\/en\/wp-json\/wp\/v2\/posts"}],"about":[{"href":"https:\/\/www.pacogimenez.com\/en\/wp-json\/wp\/v2\/types\/post"}],"author":[{"embeddable":true,"href":"https:\/\/www.pacogimenez.com\/en\/wp-json\/wp\/v2\/users\/1"}],"replies":[{"embeddable":true,"href":"https:\/\/www.pacogimenez.com\/en\/wp-json\/wp\/v2\/comments?post=4034"}],"version-history":[{"count":20,"href":"https:\/\/www.pacogimenez.com\/en\/wp-json\/wp\/v2\/posts\/4034\/revisions"}],"predecessor-version":[{"id":4126,"href":"https:\/\/www.pacogimenez.com\/en\/wp-json\/wp\/v2\/posts\/4034\/revisions\/4126"}],"wp:featuredmedia":[{"embeddable":true,"href":"https:\/\/www.pacogimenez.com\/en\/wp-json\/wp\/v2\/media\/4038"}],"wp:attachment":[{"href":"https:\/\/www.pacogimenez.com\/en\/wp-json\/wp\/v2\/media?parent=4034"}],"wp:term":[{"taxonomy":"category","embeddable":true,"href":"https:\/\/www.pacogimenez.com\/en\/wp-json\/wp\/v2\/categories?post=4034"},{"taxonomy":"post_tag","embeddable":true,"href":"https:\/\/www.pacogimenez.com\/en\/wp-json\/wp\/v2\/tags?post=4034"}],"curies":[{"name":"wp","href":"https:\/\/api.w.org\/{rel}","templated":true}]}}