{"id":383,"date":"2013-03-20T01:49:18","date_gmt":"2013-03-19T19:49:18","guid":{"rendered":"http:\/\/www.pacogimenez.com\/?p=383"},"modified":"2014-09-23T17:20:15","modified_gmt":"2014-09-23T11:20:15","slug":"exposicion-de-la-apiv-oficios-extraordinarios","status":"publish","type":"post","link":"https:\/\/www.pacogimenez.com\/en\/exposicion-de-la-apiv-oficios-extraordinarios\/","title":{"rendered":"Exposici\u00f3 de l&#8217;APIV &#8220;Oficis extraordinaris&#8221;"},"content":{"rendered":"<p><strong>48\u00aa Feria del Libro de Valencia, del 25 de abril al 5 de mayo de 20013, Jardines de Viveros.<\/strong><\/p>\n<p>&#8220;El tema de este a\u00f1o no puede ser m\u00e1s actual y dar pie a interpretaciones m\u00e1s diferentes. \u00bfHay problemas de desempleo? \u00bfHace falta ser ingenioso y creativo en este mundo cambiante? \u00bfHay que ser innovador? Aqu\u00ed est\u00e1 nuestra respuesta: las profesiones m\u00e1s imaginativas est\u00e1n entre los mejores libros y autores de la historia. M\u00e1s de ochenta participantes en una de las exposiciones m\u00e1s ricas que nuestra asociaci\u00f3n ha preparado en sus 15 a\u00f1os de existencia.&#8221;<\/p>\n<p>Mi participaci\u00f3n en la exposici\u00f3n:<br \/>\n<strong>Cocinero de abordo en busca de tesoro<\/strong>. Jhon Silver, &#8216;el Largo&#8217;, en &#8220;La isla del tesoro&#8221; (1883), de Robert Louis Stevenson (1850-1894)<\/p>\n<p><em>La labor del cocinero abordo de un barco es la m\u00e1s importante despu\u00e9s de la del capit\u00e1n, pues sus decisiones tambi\u00e9n afectan a todos los tripulantes y pasajeros. John Silver la ejerci\u00f3 brillantemente en la expedici\u00f3n de La Hispaniola, sirviendo bien tanto a los arist\u00f3cratas y caballeros como a los honestos marinos y rudos piratas, siempre con eficacia, cortes\u00eda y jovialidad. L\u00e1stima que la bien merecida fama como restaurador fuera eclipsada por su actuaci\u00f3n como cabecilla de los amotinados. Aunque consuela saber que gracias a su astucia, y a la amistad que lo un\u00eda al joven Jim, fuera el \u00fanico pirata que saliera bien parado de esta apasionante aventura.<\/em><\/p>\n<p>La convocatoria de la exposici\u00f3n se concret\u00f3 justo cuando estaba realizando un libro dedicado a algunos de los personajes de ficci\u00f3n m\u00e1s c\u00e9lebres de la literatura, as\u00ed que aprovech\u00e9 una de las ilustraciones ya acabadas adapt\u00e1ndola a las bases: modifiqu\u00e9 las medidas y reforc\u00e9 la faceta cocinera del personaje: elimin\u00e9 a Ben Gunn, convert\u00ed la espada en una espumadera, a\u00f1ad\u00ed una isla-pastel, y&#8230; voil\u00e0:<br \/>\n&nbsp;<\/p>\n<p><img loading=\"lazy\" decoding=\"async\" alt=\"John Silver cocinero\" src=\"http:\/\/www.pacogimenez.com\/wp-content\/uploads\/n02-John-Silver-cocinero1.jpg\" width=\"800\" height=\"1122\" \/><\/p>","protected":false},"excerpt":{"rendered":"<p>48\u00aa Feria del Libro de Valencia, del 25 de abril al 5 de mayo de 20013, Jardines de Viveros. &#8220;El tema de este a\u00f1o no puede ser m\u00e1s actual y dar pie a interpretaciones m\u00e1s diferentes. \u00bfHay problemas de desempleo? \u00bfHace falta ser ingenioso y creativo en este mundo cambiante? \u00bfHay que ser innovador? Aqu\u00ed&#8230;<\/p>\n","protected":false},"author":1,"featured_media":1105,"comment_status":"closed","ping_status":"closed","sticky":false,"template":"","format":"standard","meta":{"_monsterinsights_skip_tracking":false,"_monsterinsights_sitenote_active":false,"_monsterinsights_sitenote_note":"","_monsterinsights_sitenote_category":0,"footnotes":""},"categories":[16],"tags":[],"class_list":["post-383","post","type-post","status-publish","format-standard","has-post-thumbnail","hentry","category-noticias"],"yoast_head":"<!-- This site is optimized with the Yoast SEO plugin v27.2 - https:\/\/yoast.com\/product\/yoast-seo-wordpress\/ -->\n<title>Exposici\u00f3 de l&#039;APIV &quot;Oficis extraordinaris&quot;<\/title>\n<meta name=\"robots\" content=\"index, follow, max-snippet:-1, max-image-preview:large, max-video-preview:-1\" \/>\n<link rel=\"canonical\" href=\"https:\/\/www.pacogimenez.com\/exposicion-de-la-apiv-oficios-extraordinarios\/\" \/>\n<meta property=\"og:locale\" content=\"en_US\" \/>\n<meta property=\"og:type\" content=\"article\" \/>\n<meta property=\"og:title\" content=\"Exposici\u00f3 de l&#039;APIV &quot;Oficis extraordinaris&quot;\" \/>\n<meta property=\"og:description\" content=\"48\u00aa Feria del Libro de Valencia, del 25 de abril al 5 de mayo de 20013, Jardines de Viveros. &#8220;El tema de este a\u00f1o no puede ser m\u00e1s actual y dar pie a interpretaciones m\u00e1s diferentes. \u00bfHay problemas de desempleo? \u00bfHace falta ser ingenioso y creativo en este mundo cambiante? \u00bfHay que ser innovador? Aqu\u00ed...\" \/>\n<meta property=\"og:url\" content=\"https:\/\/www.pacogimenez.com\/exposicion-de-la-apiv-oficios-extraordinarios\/\" \/>\n<meta property=\"og:site_name\" content=\"(Espa\u00f1ol) Paco Gim\u00e9nez\" \/>\n<meta property=\"article:published_time\" content=\"2013-03-19T19:49:18+00:00\" \/>\n<meta property=\"article:modified_time\" content=\"2014-09-23T11:20:15+00:00\" \/>\n<meta property=\"og:image\" content=\"https:\/\/www.pacogimenez.com\/wp-content\/uploads\/John-Silver-cocinero1.jpg\" \/>\n\t<meta property=\"og:image:width\" content=\"720\" \/>\n\t<meta property=\"og:image:height\" content=\"190\" \/>\n\t<meta property=\"og:image:type\" content=\"image\/jpeg\" \/>\n<meta name=\"author\" content=\"admin\" \/>\n<meta name=\"twitter:label1\" content=\"Written by\" \/>\n\t<meta name=\"twitter:data1\" content=\"admin\" \/>\n\t<meta name=\"twitter:label2\" content=\"Est. reading time\" \/>\n\t<meta name=\"twitter:data2\" content=\"5 minutes\" \/>\n<script type=\"application\/ld+json\" class=\"yoast-schema-graph\">{\"@context\":\"https:\/\/schema.org\",\"@graph\":[{\"@type\":\"Article\",\"@id\":\"https:\/\/www.pacogimenez.com\/exposicion-de-la-apiv-oficios-extraordinarios\/#article\",\"isPartOf\":{\"@id\":\"https:\/\/www.pacogimenez.com\/exposicion-de-la-apiv-oficios-extraordinarios\/\"},\"author\":{\"name\":\"admin\",\"@id\":\"https:\/\/www.pacogimenez.com\/#\/schema\/person\/9f329781fb1650669c332dfe4328f75d\"},\"headline\":\"Exposici\u00f3 de l&#8217;APIV &#8220;Oficis extraordinaris&#8221;\",\"datePublished\":\"2013-03-19T19:49:18+00:00\",\"dateModified\":\"2014-09-23T11:20:15+00:00\",\"mainEntityOfPage\":{\"@id\":\"https:\/\/www.pacogimenez.com\/exposicion-de-la-apiv-oficios-extraordinarios\/\"},\"wordCount\":958,\"image\":{\"@id\":\"https:\/\/www.pacogimenez.com\/exposicion-de-la-apiv-oficios-extraordinarios\/#primaryimage\"},\"thumbnailUrl\":\"https:\/\/www.pacogimenez.com\/wp-content\/uploads\/John-Silver-cocinero1.jpg\",\"articleSection\":[\"News\"],\"inLanguage\":\"en-US\"},{\"@type\":\"WebPage\",\"@id\":\"https:\/\/www.pacogimenez.com\/exposicion-de-la-apiv-oficios-extraordinarios\/\",\"url\":\"https:\/\/www.pacogimenez.com\/exposicion-de-la-apiv-oficios-extraordinarios\/\",\"name\":\"Exposici\u00f3 de l'APIV \\\"Oficis extraordinaris\\\"\",\"isPartOf\":{\"@id\":\"https:\/\/www.pacogimenez.com\/#website\"},\"primaryImageOfPage\":{\"@id\":\"https:\/\/www.pacogimenez.com\/exposicion-de-la-apiv-oficios-extraordinarios\/#primaryimage\"},\"image\":{\"@id\":\"https:\/\/www.pacogimenez.com\/exposicion-de-la-apiv-oficios-extraordinarios\/#primaryimage\"},\"thumbnailUrl\":\"https:\/\/www.pacogimenez.com\/wp-content\/uploads\/John-Silver-cocinero1.jpg\",\"datePublished\":\"2013-03-19T19:49:18+00:00\",\"dateModified\":\"2014-09-23T11:20:15+00:00\",\"author\":{\"@id\":\"https:\/\/www.pacogimenez.com\/#\/schema\/person\/9f329781fb1650669c332dfe4328f75d\"},\"inLanguage\":\"en-US\",\"potentialAction\":[{\"@type\":\"ReadAction\",\"target\":[\"https:\/\/www.pacogimenez.com\/exposicion-de-la-apiv-oficios-extraordinarios\/\"]}]},{\"@type\":\"ImageObject\",\"inLanguage\":\"en-US\",\"@id\":\"https:\/\/www.pacogimenez.com\/exposicion-de-la-apiv-oficios-extraordinarios\/#primaryimage\",\"url\":\"https:\/\/www.pacogimenez.com\/wp-content\/uploads\/John-Silver-cocinero1.jpg\",\"contentUrl\":\"https:\/\/www.pacogimenez.com\/wp-content\/uploads\/John-Silver-cocinero1.jpg\",\"width\":720,\"height\":190},{\"@type\":\"WebSite\",\"@id\":\"https:\/\/www.pacogimenez.com\/#website\",\"url\":\"https:\/\/www.pacogimenez.com\/\",\"name\":\"(Espa\u00f1ol) Paco Gim\u00e9nez\",\"description\":\"(Espa\u00f1ol) Paco Gim\u00e9nez\",\"potentialAction\":[{\"@type\":\"SearchAction\",\"target\":{\"@type\":\"EntryPoint\",\"urlTemplate\":\"https:\/\/www.pacogimenez.com\/?s={search_term_string}\"},\"query-input\":{\"@type\":\"PropertyValueSpecification\",\"valueRequired\":true,\"valueName\":\"search_term_string\"}}],\"inLanguage\":\"en-US\"},{\"@type\":\"Person\",\"@id\":\"https:\/\/www.pacogimenez.com\/#\/schema\/person\/9f329781fb1650669c332dfe4328f75d\",\"name\":\"admin\",\"image\":{\"@type\":\"ImageObject\",\"inLanguage\":\"en-US\",\"@id\":\"https:\/\/secure.gravatar.com\/avatar\/afc8f54b600f7a3b638398e596bd2b57a2d706f374eaa2cc81ea14c9d14f72cc?s=96&d=mm&r=g\",\"url\":\"https:\/\/secure.gravatar.com\/avatar\/afc8f54b600f7a3b638398e596bd2b57a2d706f374eaa2cc81ea14c9d14f72cc?s=96&d=mm&r=g\",\"contentUrl\":\"https:\/\/secure.gravatar.com\/avatar\/afc8f54b600f7a3b638398e596bd2b57a2d706f374eaa2cc81ea14c9d14f72cc?s=96&d=mm&r=g\",\"caption\":\"admin\"},\"url\":\"https:\/\/www.pacogimenez.com\/en\/author\/admin\/\"}]}<\/script>\n<!-- \/ Yoast SEO plugin. -->","yoast_head_json":{"title":"Exposici\u00f3 de l'APIV \"Oficis extraordinaris\"","robots":{"index":"index","follow":"follow","max-snippet":"max-snippet:-1","max-image-preview":"max-image-preview:large","max-video-preview":"max-video-preview:-1"},"canonical":"https:\/\/www.pacogimenez.com\/exposicion-de-la-apiv-oficios-extraordinarios\/","og_locale":"en_US","og_type":"article","og_title":"Exposici\u00f3 de l'APIV \"Oficis extraordinaris\"","og_description":"48\u00aa Feria del Libro de Valencia, del 25 de abril al 5 de mayo de 20013, Jardines de Viveros. &#8220;El tema de este a\u00f1o no puede ser m\u00e1s actual y dar pie a interpretaciones m\u00e1s diferentes. \u00bfHay problemas de desempleo? \u00bfHace falta ser ingenioso y creativo en este mundo cambiante? \u00bfHay que ser innovador? Aqu\u00ed...","og_url":"https:\/\/www.pacogimenez.com\/exposicion-de-la-apiv-oficios-extraordinarios\/","og_site_name":"(Espa\u00f1ol) Paco Gim\u00e9nez","article_published_time":"2013-03-19T19:49:18+00:00","article_modified_time":"2014-09-23T11:20:15+00:00","og_image":[{"width":720,"height":190,"url":"https:\/\/www.pacogimenez.com\/wp-content\/uploads\/John-Silver-cocinero1.jpg","type":"image\/jpeg"}],"author":"admin","twitter_misc":{"Written by":"admin","Est. reading time":"5 minutes"},"schema":{"@context":"https:\/\/schema.org","@graph":[{"@type":"Article","@id":"https:\/\/www.pacogimenez.com\/exposicion-de-la-apiv-oficios-extraordinarios\/#article","isPartOf":{"@id":"https:\/\/www.pacogimenez.com\/exposicion-de-la-apiv-oficios-extraordinarios\/"},"author":{"name":"admin","@id":"https:\/\/www.pacogimenez.com\/#\/schema\/person\/9f329781fb1650669c332dfe4328f75d"},"headline":"Exposici\u00f3 de l&#8217;APIV &#8220;Oficis extraordinaris&#8221;","datePublished":"2013-03-19T19:49:18+00:00","dateModified":"2014-09-23T11:20:15+00:00","mainEntityOfPage":{"@id":"https:\/\/www.pacogimenez.com\/exposicion-de-la-apiv-oficios-extraordinarios\/"},"wordCount":958,"image":{"@id":"https:\/\/www.pacogimenez.com\/exposicion-de-la-apiv-oficios-extraordinarios\/#primaryimage"},"thumbnailUrl":"https:\/\/www.pacogimenez.com\/wp-content\/uploads\/John-Silver-cocinero1.jpg","articleSection":["News"],"inLanguage":"en-US"},{"@type":"WebPage","@id":"https:\/\/www.pacogimenez.com\/exposicion-de-la-apiv-oficios-extraordinarios\/","url":"https:\/\/www.pacogimenez.com\/exposicion-de-la-apiv-oficios-extraordinarios\/","name":"Exposici\u00f3 de l'APIV \"Oficis extraordinaris\"","isPartOf":{"@id":"https:\/\/www.pacogimenez.com\/#website"},"primaryImageOfPage":{"@id":"https:\/\/www.pacogimenez.com\/exposicion-de-la-apiv-oficios-extraordinarios\/#primaryimage"},"image":{"@id":"https:\/\/www.pacogimenez.com\/exposicion-de-la-apiv-oficios-extraordinarios\/#primaryimage"},"thumbnailUrl":"https:\/\/www.pacogimenez.com\/wp-content\/uploads\/John-Silver-cocinero1.jpg","datePublished":"2013-03-19T19:49:18+00:00","dateModified":"2014-09-23T11:20:15+00:00","author":{"@id":"https:\/\/www.pacogimenez.com\/#\/schema\/person\/9f329781fb1650669c332dfe4328f75d"},"inLanguage":"en-US","potentialAction":[{"@type":"ReadAction","target":["https:\/\/www.pacogimenez.com\/exposicion-de-la-apiv-oficios-extraordinarios\/"]}]},{"@type":"ImageObject","inLanguage":"en-US","@id":"https:\/\/www.pacogimenez.com\/exposicion-de-la-apiv-oficios-extraordinarios\/#primaryimage","url":"https:\/\/www.pacogimenez.com\/wp-content\/uploads\/John-Silver-cocinero1.jpg","contentUrl":"https:\/\/www.pacogimenez.com\/wp-content\/uploads\/John-Silver-cocinero1.jpg","width":720,"height":190},{"@type":"WebSite","@id":"https:\/\/www.pacogimenez.com\/#website","url":"https:\/\/www.pacogimenez.com\/","name":"(Espa\u00f1ol) Paco Gim\u00e9nez","description":"(Espa\u00f1ol) Paco Gim\u00e9nez","potentialAction":[{"@type":"SearchAction","target":{"@type":"EntryPoint","urlTemplate":"https:\/\/www.pacogimenez.com\/?s={search_term_string}"},"query-input":{"@type":"PropertyValueSpecification","valueRequired":true,"valueName":"search_term_string"}}],"inLanguage":"en-US"},{"@type":"Person","@id":"https:\/\/www.pacogimenez.com\/#\/schema\/person\/9f329781fb1650669c332dfe4328f75d","name":"admin","image":{"@type":"ImageObject","inLanguage":"en-US","@id":"https:\/\/secure.gravatar.com\/avatar\/afc8f54b600f7a3b638398e596bd2b57a2d706f374eaa2cc81ea14c9d14f72cc?s=96&d=mm&r=g","url":"https:\/\/secure.gravatar.com\/avatar\/afc8f54b600f7a3b638398e596bd2b57a2d706f374eaa2cc81ea14c9d14f72cc?s=96&d=mm&r=g","contentUrl":"https:\/\/secure.gravatar.com\/avatar\/afc8f54b600f7a3b638398e596bd2b57a2d706f374eaa2cc81ea14c9d14f72cc?s=96&d=mm&r=g","caption":"admin"},"url":"https:\/\/www.pacogimenez.com\/en\/author\/admin\/"}]}},"_links":{"self":[{"href":"https:\/\/www.pacogimenez.com\/en\/wp-json\/wp\/v2\/posts\/383","targetHints":{"allow":["GET"]}}],"collection":[{"href":"https:\/\/www.pacogimenez.com\/en\/wp-json\/wp\/v2\/posts"}],"about":[{"href":"https:\/\/www.pacogimenez.com\/en\/wp-json\/wp\/v2\/types\/post"}],"author":[{"embeddable":true,"href":"https:\/\/www.pacogimenez.com\/en\/wp-json\/wp\/v2\/users\/1"}],"replies":[{"embeddable":true,"href":"https:\/\/www.pacogimenez.com\/en\/wp-json\/wp\/v2\/comments?post=383"}],"version-history":[{"count":21,"href":"https:\/\/www.pacogimenez.com\/en\/wp-json\/wp\/v2\/posts\/383\/revisions"}],"predecessor-version":[{"id":3367,"href":"https:\/\/www.pacogimenez.com\/en\/wp-json\/wp\/v2\/posts\/383\/revisions\/3367"}],"wp:featuredmedia":[{"embeddable":true,"href":"https:\/\/www.pacogimenez.com\/en\/wp-json\/wp\/v2\/media\/1105"}],"wp:attachment":[{"href":"https:\/\/www.pacogimenez.com\/en\/wp-json\/wp\/v2\/media?parent=383"}],"wp:term":[{"taxonomy":"category","embeddable":true,"href":"https:\/\/www.pacogimenez.com\/en\/wp-json\/wp\/v2\/categories?post=383"},{"taxonomy":"post_tag","embeddable":true,"href":"https:\/\/www.pacogimenez.com\/en\/wp-json\/wp\/v2\/tags?post=383"}],"curies":[{"name":"wp","href":"https:\/\/api.w.org\/{rel}","templated":true}]}}