{"id":2469,"date":"2009-02-28T15:38:58","date_gmt":"2009-02-28T09:38:58","guid":{"rendered":"http:\/\/www.pacogimenez.com\/?p=2469"},"modified":"2014-08-28T15:49:02","modified_gmt":"2014-08-28T09:49:02","slug":"imagen-grafica-de-las-jornadas-de-ensenantes-con-gitanos","status":"publish","type":"post","link":"https:\/\/www.pacogimenez.com\/en\/imagen-grafica-de-las-jornadas-de-ensenantes-con-gitanos\/","title":{"rendered":"Imagen gr\u00e1fica de las Jornadas de Ense\u00f1antes con Gitanos"},"content":{"rendered":"<p>Y de nuevo hechando mano de una fotograf\u00eda de Jes\u00fas Salinas.<br \/>\n<em><strong>29 Jornadas de Ense\u00f1antes con Gitano<\/strong>s<\/em>. Asociaci\u00f3n de Ense\u00f1antes con Gitanos. Madrid, 2009<br \/>\n&nbsp;<\/p>\n<p><a href=\"http:\/\/www.pacogimenez.com\/wp-content\/uploads\/cartel-29-Jornadas-de-Ensenantes-con-Gitanos-diseno-Paco-Gimenez.jpg\"><img loading=\"lazy\" decoding=\"async\" src=\"http:\/\/www.pacogimenez.com\/wp-content\/uploads\/cartel-29-Jornadas-de-Ensenantes-con-Gitanos-diseno-Paco-Gimenez.jpg\" alt=\"poster 29 Jornadas de Ense\u00f1antes con Gitanos, desing Paco Gim\u00e9nez\" width=\"1200\" height=\"1725\" class=\"alignnone size-full wp-image-2471\" srcset=\"https:\/\/www.pacogimenez.com\/wp-content\/uploads\/cartel-29-Jornadas-de-Ensenantes-con-Gitanos-diseno-Paco-Gimenez.jpg 1200w, https:\/\/www.pacogimenez.com\/wp-content\/uploads\/cartel-29-Jornadas-de-Ensenantes-con-Gitanos-diseno-Paco-Gimenez-208x300.jpg 208w, https:\/\/www.pacogimenez.com\/wp-content\/uploads\/cartel-29-Jornadas-de-Ensenantes-con-Gitanos-diseno-Paco-Gimenez-712x1024.jpg 712w\" sizes=\"auto, (max-width: 1200px) 100vw, 1200px\" \/><\/a><\/p>","protected":false},"excerpt":{"rendered":"<p>Y de nuevo hechando mano de una fotograf\u00eda de Jes\u00fas Salinas. 29 Jornadas de Ense\u00f1antes con Gitanos. Asociaci\u00f3n de Ense\u00f1antes con Gitanos. Madrid, 2009 &nbsp;<\/p>\n","protected":false},"author":1,"featured_media":2470,"comment_status":"closed","ping_status":"closed","sticky":false,"template":"","format":"standard","meta":{"_monsterinsights_skip_tracking":false,"_monsterinsights_sitenote_active":false,"_monsterinsights_sitenote_note":"","_monsterinsights_sitenote_category":0,"footnotes":""},"categories":[16],"tags":[],"class_list":["post-2469","post","type-post","status-publish","format-standard","has-post-thumbnail","hentry","category-noticias"],"yoast_head":"<!-- This site is optimized with the Yoast SEO plugin v27.2 - https:\/\/yoast.com\/product\/yoast-seo-wordpress\/ -->\n<title>Imagen gr\u00e1fica de las Jornadas de Ense\u00f1antes con Gitanos<\/title>\n<meta name=\"robots\" content=\"index, follow, max-snippet:-1, max-image-preview:large, max-video-preview:-1\" \/>\n<link rel=\"canonical\" href=\"https:\/\/www.pacogimenez.com\/imagen-grafica-de-las-jornadas-de-ensenantes-con-gitanos\/\" \/>\n<meta property=\"og:locale\" content=\"en_US\" \/>\n<meta property=\"og:type\" content=\"article\" \/>\n<meta property=\"og:title\" content=\"Imagen gr\u00e1fica de las Jornadas de Ense\u00f1antes con Gitanos\" \/>\n<meta property=\"og:description\" content=\"Y de nuevo hechando mano de una fotograf\u00eda de Jes\u00fas Salinas. 29 Jornadas de Ense\u00f1antes con Gitanos. Asociaci\u00f3n de Ense\u00f1antes con Gitanos. Madrid, 2009 &nbsp;\" \/>\n<meta property=\"og:url\" content=\"https:\/\/www.pacogimenez.com\/imagen-grafica-de-las-jornadas-de-ensenantes-con-gitanos\/\" \/>\n<meta property=\"og:site_name\" content=\"(Espa\u00f1ol) Paco Gim\u00e9nez\" \/>\n<meta property=\"article:published_time\" content=\"2009-02-28T09:38:58+00:00\" \/>\n<meta property=\"article:modified_time\" content=\"2014-08-28T09:49:02+00:00\" \/>\n<meta property=\"og:image\" content=\"https:\/\/www.pacogimenez.com\/wp-content\/uploads\/dest-29-Jornadas-Ensenantes-Gitanos-diseno-Paco-Gimenez.jpg\" \/>\n\t<meta property=\"og:image:width\" content=\"720\" \/>\n\t<meta property=\"og:image:height\" content=\"190\" \/>\n\t<meta property=\"og:image:type\" content=\"image\/jpeg\" \/>\n<meta name=\"author\" content=\"admin\" \/>\n<meta name=\"twitter:label1\" content=\"Written by\" \/>\n\t<meta name=\"twitter:data1\" content=\"admin\" \/>\n<script type=\"application\/ld+json\" class=\"yoast-schema-graph\">{\"@context\":\"https:\/\/schema.org\",\"@graph\":[{\"@type\":\"Article\",\"@id\":\"https:\/\/www.pacogimenez.com\/imagen-grafica-de-las-jornadas-de-ensenantes-con-gitanos\/#article\",\"isPartOf\":{\"@id\":\"https:\/\/www.pacogimenez.com\/imagen-grafica-de-las-jornadas-de-ensenantes-con-gitanos\/\"},\"author\":{\"name\":\"admin\",\"@id\":\"https:\/\/www.pacogimenez.com\/#\/schema\/person\/9f329781fb1650669c332dfe4328f75d\"},\"headline\":\"Imagen gr\u00e1fica de las Jornadas de Ense\u00f1antes con Gitanos\",\"datePublished\":\"2009-02-28T09:38:58+00:00\",\"dateModified\":\"2014-08-28T09:49:02+00:00\",\"mainEntityOfPage\":{\"@id\":\"https:\/\/www.pacogimenez.com\/imagen-grafica-de-las-jornadas-de-ensenantes-con-gitanos\/\"},\"wordCount\":108,\"image\":{\"@id\":\"https:\/\/www.pacogimenez.com\/imagen-grafica-de-las-jornadas-de-ensenantes-con-gitanos\/#primaryimage\"},\"thumbnailUrl\":\"https:\/\/www.pacogimenez.com\/wp-content\/uploads\/dest-29-Jornadas-Ensenantes-Gitanos-diseno-Paco-Gimenez.jpg\",\"articleSection\":[\"News\"],\"inLanguage\":\"en-US\"},{\"@type\":\"WebPage\",\"@id\":\"https:\/\/www.pacogimenez.com\/imagen-grafica-de-las-jornadas-de-ensenantes-con-gitanos\/\",\"url\":\"https:\/\/www.pacogimenez.com\/imagen-grafica-de-las-jornadas-de-ensenantes-con-gitanos\/\",\"name\":\"Imagen gr\u00e1fica de las Jornadas de Ense\u00f1antes con Gitanos\",\"isPartOf\":{\"@id\":\"https:\/\/www.pacogimenez.com\/#website\"},\"primaryImageOfPage\":{\"@id\":\"https:\/\/www.pacogimenez.com\/imagen-grafica-de-las-jornadas-de-ensenantes-con-gitanos\/#primaryimage\"},\"image\":{\"@id\":\"https:\/\/www.pacogimenez.com\/imagen-grafica-de-las-jornadas-de-ensenantes-con-gitanos\/#primaryimage\"},\"thumbnailUrl\":\"https:\/\/www.pacogimenez.com\/wp-content\/uploads\/dest-29-Jornadas-Ensenantes-Gitanos-diseno-Paco-Gimenez.jpg\",\"datePublished\":\"2009-02-28T09:38:58+00:00\",\"dateModified\":\"2014-08-28T09:49:02+00:00\",\"author\":{\"@id\":\"https:\/\/www.pacogimenez.com\/#\/schema\/person\/9f329781fb1650669c332dfe4328f75d\"},\"inLanguage\":\"en-US\",\"potentialAction\":[{\"@type\":\"ReadAction\",\"target\":[\"https:\/\/www.pacogimenez.com\/imagen-grafica-de-las-jornadas-de-ensenantes-con-gitanos\/\"]}]},{\"@type\":\"ImageObject\",\"inLanguage\":\"en-US\",\"@id\":\"https:\/\/www.pacogimenez.com\/imagen-grafica-de-las-jornadas-de-ensenantes-con-gitanos\/#primaryimage\",\"url\":\"https:\/\/www.pacogimenez.com\/wp-content\/uploads\/dest-29-Jornadas-Ensenantes-Gitanos-diseno-Paco-Gimenez.jpg\",\"contentUrl\":\"https:\/\/www.pacogimenez.com\/wp-content\/uploads\/dest-29-Jornadas-Ensenantes-Gitanos-diseno-Paco-Gimenez.jpg\",\"width\":720,\"height\":190},{\"@type\":\"WebSite\",\"@id\":\"https:\/\/www.pacogimenez.com\/#website\",\"url\":\"https:\/\/www.pacogimenez.com\/\",\"name\":\"(Espa\u00f1ol) Paco Gim\u00e9nez\",\"description\":\"(Espa\u00f1ol) Paco Gim\u00e9nez\",\"potentialAction\":[{\"@type\":\"SearchAction\",\"target\":{\"@type\":\"EntryPoint\",\"urlTemplate\":\"https:\/\/www.pacogimenez.com\/?s={search_term_string}\"},\"query-input\":{\"@type\":\"PropertyValueSpecification\",\"valueRequired\":true,\"valueName\":\"search_term_string\"}}],\"inLanguage\":\"en-US\"},{\"@type\":\"Person\",\"@id\":\"https:\/\/www.pacogimenez.com\/#\/schema\/person\/9f329781fb1650669c332dfe4328f75d\",\"name\":\"admin\",\"image\":{\"@type\":\"ImageObject\",\"inLanguage\":\"en-US\",\"@id\":\"https:\/\/secure.gravatar.com\/avatar\/afc8f54b600f7a3b638398e596bd2b57a2d706f374eaa2cc81ea14c9d14f72cc?s=96&d=mm&r=g\",\"url\":\"https:\/\/secure.gravatar.com\/avatar\/afc8f54b600f7a3b638398e596bd2b57a2d706f374eaa2cc81ea14c9d14f72cc?s=96&d=mm&r=g\",\"contentUrl\":\"https:\/\/secure.gravatar.com\/avatar\/afc8f54b600f7a3b638398e596bd2b57a2d706f374eaa2cc81ea14c9d14f72cc?s=96&d=mm&r=g\",\"caption\":\"admin\"},\"url\":\"https:\/\/www.pacogimenez.com\/en\/author\/admin\/\"}]}<\/script>\n<!-- \/ Yoast SEO plugin. -->","yoast_head_json":{"title":"Imagen gr\u00e1fica de las Jornadas de Ense\u00f1antes con Gitanos","robots":{"index":"index","follow":"follow","max-snippet":"max-snippet:-1","max-image-preview":"max-image-preview:large","max-video-preview":"max-video-preview:-1"},"canonical":"https:\/\/www.pacogimenez.com\/imagen-grafica-de-las-jornadas-de-ensenantes-con-gitanos\/","og_locale":"en_US","og_type":"article","og_title":"Imagen gr\u00e1fica de las Jornadas de Ense\u00f1antes con Gitanos","og_description":"Y de nuevo hechando mano de una fotograf\u00eda de Jes\u00fas Salinas. 29 Jornadas de Ense\u00f1antes con Gitanos. Asociaci\u00f3n de Ense\u00f1antes con Gitanos. Madrid, 2009 &nbsp;","og_url":"https:\/\/www.pacogimenez.com\/imagen-grafica-de-las-jornadas-de-ensenantes-con-gitanos\/","og_site_name":"(Espa\u00f1ol) Paco Gim\u00e9nez","article_published_time":"2009-02-28T09:38:58+00:00","article_modified_time":"2014-08-28T09:49:02+00:00","og_image":[{"width":720,"height":190,"url":"https:\/\/www.pacogimenez.com\/wp-content\/uploads\/dest-29-Jornadas-Ensenantes-Gitanos-diseno-Paco-Gimenez.jpg","type":"image\/jpeg"}],"author":"admin","twitter_misc":{"Written by":"admin"},"schema":{"@context":"https:\/\/schema.org","@graph":[{"@type":"Article","@id":"https:\/\/www.pacogimenez.com\/imagen-grafica-de-las-jornadas-de-ensenantes-con-gitanos\/#article","isPartOf":{"@id":"https:\/\/www.pacogimenez.com\/imagen-grafica-de-las-jornadas-de-ensenantes-con-gitanos\/"},"author":{"name":"admin","@id":"https:\/\/www.pacogimenez.com\/#\/schema\/person\/9f329781fb1650669c332dfe4328f75d"},"headline":"Imagen gr\u00e1fica de las Jornadas de Ense\u00f1antes con Gitanos","datePublished":"2009-02-28T09:38:58+00:00","dateModified":"2014-08-28T09:49:02+00:00","mainEntityOfPage":{"@id":"https:\/\/www.pacogimenez.com\/imagen-grafica-de-las-jornadas-de-ensenantes-con-gitanos\/"},"wordCount":108,"image":{"@id":"https:\/\/www.pacogimenez.com\/imagen-grafica-de-las-jornadas-de-ensenantes-con-gitanos\/#primaryimage"},"thumbnailUrl":"https:\/\/www.pacogimenez.com\/wp-content\/uploads\/dest-29-Jornadas-Ensenantes-Gitanos-diseno-Paco-Gimenez.jpg","articleSection":["News"],"inLanguage":"en-US"},{"@type":"WebPage","@id":"https:\/\/www.pacogimenez.com\/imagen-grafica-de-las-jornadas-de-ensenantes-con-gitanos\/","url":"https:\/\/www.pacogimenez.com\/imagen-grafica-de-las-jornadas-de-ensenantes-con-gitanos\/","name":"Imagen gr\u00e1fica de las Jornadas de Ense\u00f1antes con Gitanos","isPartOf":{"@id":"https:\/\/www.pacogimenez.com\/#website"},"primaryImageOfPage":{"@id":"https:\/\/www.pacogimenez.com\/imagen-grafica-de-las-jornadas-de-ensenantes-con-gitanos\/#primaryimage"},"image":{"@id":"https:\/\/www.pacogimenez.com\/imagen-grafica-de-las-jornadas-de-ensenantes-con-gitanos\/#primaryimage"},"thumbnailUrl":"https:\/\/www.pacogimenez.com\/wp-content\/uploads\/dest-29-Jornadas-Ensenantes-Gitanos-diseno-Paco-Gimenez.jpg","datePublished":"2009-02-28T09:38:58+00:00","dateModified":"2014-08-28T09:49:02+00:00","author":{"@id":"https:\/\/www.pacogimenez.com\/#\/schema\/person\/9f329781fb1650669c332dfe4328f75d"},"inLanguage":"en-US","potentialAction":[{"@type":"ReadAction","target":["https:\/\/www.pacogimenez.com\/imagen-grafica-de-las-jornadas-de-ensenantes-con-gitanos\/"]}]},{"@type":"ImageObject","inLanguage":"en-US","@id":"https:\/\/www.pacogimenez.com\/imagen-grafica-de-las-jornadas-de-ensenantes-con-gitanos\/#primaryimage","url":"https:\/\/www.pacogimenez.com\/wp-content\/uploads\/dest-29-Jornadas-Ensenantes-Gitanos-diseno-Paco-Gimenez.jpg","contentUrl":"https:\/\/www.pacogimenez.com\/wp-content\/uploads\/dest-29-Jornadas-Ensenantes-Gitanos-diseno-Paco-Gimenez.jpg","width":720,"height":190},{"@type":"WebSite","@id":"https:\/\/www.pacogimenez.com\/#website","url":"https:\/\/www.pacogimenez.com\/","name":"(Espa\u00f1ol) Paco Gim\u00e9nez","description":"(Espa\u00f1ol) Paco Gim\u00e9nez","potentialAction":[{"@type":"SearchAction","target":{"@type":"EntryPoint","urlTemplate":"https:\/\/www.pacogimenez.com\/?s={search_term_string}"},"query-input":{"@type":"PropertyValueSpecification","valueRequired":true,"valueName":"search_term_string"}}],"inLanguage":"en-US"},{"@type":"Person","@id":"https:\/\/www.pacogimenez.com\/#\/schema\/person\/9f329781fb1650669c332dfe4328f75d","name":"admin","image":{"@type":"ImageObject","inLanguage":"en-US","@id":"https:\/\/secure.gravatar.com\/avatar\/afc8f54b600f7a3b638398e596bd2b57a2d706f374eaa2cc81ea14c9d14f72cc?s=96&d=mm&r=g","url":"https:\/\/secure.gravatar.com\/avatar\/afc8f54b600f7a3b638398e596bd2b57a2d706f374eaa2cc81ea14c9d14f72cc?s=96&d=mm&r=g","contentUrl":"https:\/\/secure.gravatar.com\/avatar\/afc8f54b600f7a3b638398e596bd2b57a2d706f374eaa2cc81ea14c9d14f72cc?s=96&d=mm&r=g","caption":"admin"},"url":"https:\/\/www.pacogimenez.com\/en\/author\/admin\/"}]}},"_links":{"self":[{"href":"https:\/\/www.pacogimenez.com\/en\/wp-json\/wp\/v2\/posts\/2469","targetHints":{"allow":["GET"]}}],"collection":[{"href":"https:\/\/www.pacogimenez.com\/en\/wp-json\/wp\/v2\/posts"}],"about":[{"href":"https:\/\/www.pacogimenez.com\/en\/wp-json\/wp\/v2\/types\/post"}],"author":[{"embeddable":true,"href":"https:\/\/www.pacogimenez.com\/en\/wp-json\/wp\/v2\/users\/1"}],"replies":[{"embeddable":true,"href":"https:\/\/www.pacogimenez.com\/en\/wp-json\/wp\/v2\/comments?post=2469"}],"version-history":[{"count":3,"href":"https:\/\/www.pacogimenez.com\/en\/wp-json\/wp\/v2\/posts\/2469\/revisions"}],"predecessor-version":[{"id":2473,"href":"https:\/\/www.pacogimenez.com\/en\/wp-json\/wp\/v2\/posts\/2469\/revisions\/2473"}],"wp:featuredmedia":[{"embeddable":true,"href":"https:\/\/www.pacogimenez.com\/en\/wp-json\/wp\/v2\/media\/2470"}],"wp:attachment":[{"href":"https:\/\/www.pacogimenez.com\/en\/wp-json\/wp\/v2\/media?parent=2469"}],"wp:term":[{"taxonomy":"category","embeddable":true,"href":"https:\/\/www.pacogimenez.com\/en\/wp-json\/wp\/v2\/categories?post=2469"},{"taxonomy":"post_tag","embeddable":true,"href":"https:\/\/www.pacogimenez.com\/en\/wp-json\/wp\/v2\/tags?post=2469"}],"curies":[{"name":"wp","href":"https:\/\/api.w.org\/{rel}","templated":true}]}}