{"id":1144,"date":"2014-04-07T22:39:45","date_gmt":"2014-04-07T16:39:45","guid":{"rendered":"http:\/\/www.pacogimenez.com\/?p=1144"},"modified":"2014-09-22T20:51:01","modified_gmt":"2014-09-22T14:51:01","slug":"homenaje-manuel-granell","status":"publish","type":"post","link":"https:\/\/www.pacogimenez.com\/en\/homenaje-manuel-granell\/","title":{"rendered":"Homenaje a Manuel Granell"},"content":{"rendered":"<p>Para el 60 aniversario de mi amigo Manuel, cre\u00e9 este cartel como retrato y homenaje a su gran afici\u00f3n por el blues. Afici\u00f3n que ha desarrollado como reconocido dise\u00f1ador gr\u00e1fico, editor, pinchadiscos, promotor de conciertos&#8230; y conductor del programa radiof\u00f3nico &#8220;Dilluns tempestu\u00f3s&#8221;.<br \/>\n\u00a0&nbsp;<\/p>\n<p><a href=\"http:\/\/www.pacogimenez.com\/wp-content\/uploads\/blues-manuel.jpg\"><img loading=\"lazy\" decoding=\"async\" class=\"alignnone size-full wp-image-1145\" alt=\"blues-manuel\" src=\"http:\/\/www.pacogimenez.com\/wp-content\/uploads\/blues-manuel.jpg\" width=\"1200\" height=\"1677\" srcset=\"https:\/\/www.pacogimenez.com\/wp-content\/uploads\/blues-manuel.jpg 1200w, https:\/\/www.pacogimenez.com\/wp-content\/uploads\/blues-manuel-214x300.jpg 214w, https:\/\/www.pacogimenez.com\/wp-content\/uploads\/blues-manuel-732x1024.jpg 732w\" sizes=\"auto, (max-width: 1200px) 100vw, 1200px\" \/><\/a><\/p>","protected":false},"excerpt":{"rendered":"<p>Para el 60 aniversario de mi amigo Manuel, cre\u00e9 este cartel como retrato y homenaje a su gran afici\u00f3n por el blues. Afici\u00f3n que ha desarrollado como reconocido dise\u00f1ador gr\u00e1fico, editor, pinchadiscos, promotor de conciertos&#8230; y conductor del programa radiof\u00f3nico &#8220;Dilluns tempestu\u00f3s&#8221;. \u00a0&nbsp;<\/p>\n","protected":false},"author":1,"featured_media":1905,"comment_status":"closed","ping_status":"closed","sticky":false,"template":"","format":"standard","meta":{"_monsterinsights_skip_tracking":false,"_monsterinsights_sitenote_active":false,"_monsterinsights_sitenote_note":"","_monsterinsights_sitenote_category":0,"footnotes":""},"categories":[16],"tags":[],"class_list":["post-1144","post","type-post","status-publish","format-standard","has-post-thumbnail","hentry","category-noticias"],"yoast_head":"<!-- This site is optimized with the Yoast SEO plugin v27.2 - https:\/\/yoast.com\/product\/yoast-seo-wordpress\/ -->\n<title>Homenaje a Manuel Granell<\/title>\n<meta name=\"robots\" content=\"index, follow, max-snippet:-1, max-image-preview:large, max-video-preview:-1\" \/>\n<link rel=\"canonical\" href=\"https:\/\/www.pacogimenez.com\/homenaje-manuel-granell\/\" \/>\n<meta property=\"og:locale\" content=\"en_US\" \/>\n<meta property=\"og:type\" content=\"article\" \/>\n<meta property=\"og:title\" content=\"Homenaje a Manuel Granell\" \/>\n<meta property=\"og:description\" content=\"Para el 60 aniversario de mi amigo Manuel, cre\u00e9 este cartel como retrato y homenaje a su gran afici\u00f3n por el blues. Afici\u00f3n que ha desarrollado como reconocido dise\u00f1ador gr\u00e1fico, editor, pinchadiscos, promotor de conciertos&#8230; y conductor del programa radiof\u00f3nico &#8220;Dilluns tempestu\u00f3s&#8221;. \u00a0&nbsp;\" \/>\n<meta property=\"og:url\" content=\"https:\/\/www.pacogimenez.com\/homenaje-manuel-granell\/\" \/>\n<meta property=\"og:site_name\" content=\"(Espa\u00f1ol) Paco Gim\u00e9nez\" \/>\n<meta property=\"article:published_time\" content=\"2014-04-07T16:39:45+00:00\" \/>\n<meta property=\"article:modified_time\" content=\"2014-09-22T14:51:01+00:00\" \/>\n<meta property=\"og:image\" content=\"https:\/\/www.pacogimenez.com\/wp-content\/uploads\/n21-BluesMAN-U-dest-10.jpg\" \/>\n\t<meta property=\"og:image:width\" content=\"720\" \/>\n\t<meta property=\"og:image:height\" content=\"190\" \/>\n\t<meta property=\"og:image:type\" content=\"image\/jpeg\" \/>\n<meta name=\"author\" content=\"admin\" \/>\n<meta name=\"twitter:label1\" content=\"Written by\" \/>\n\t<meta name=\"twitter:data1\" content=\"admin\" \/>\n\t<meta name=\"twitter:label2\" content=\"Est. reading time\" \/>\n\t<meta name=\"twitter:data2\" content=\"1 minute\" \/>\n<script type=\"application\/ld+json\" class=\"yoast-schema-graph\">{\"@context\":\"https:\/\/schema.org\",\"@graph\":[{\"@type\":\"Article\",\"@id\":\"https:\/\/www.pacogimenez.com\/homenaje-manuel-granell\/#article\",\"isPartOf\":{\"@id\":\"https:\/\/www.pacogimenez.com\/homenaje-manuel-granell\/\"},\"author\":{\"name\":\"admin\",\"@id\":\"https:\/\/www.pacogimenez.com\/#\/schema\/person\/9f329781fb1650669c332dfe4328f75d\"},\"headline\":\"Homenaje a Manuel Granell\",\"datePublished\":\"2014-04-07T16:39:45+00:00\",\"dateModified\":\"2014-09-22T14:51:01+00:00\",\"mainEntityOfPage\":{\"@id\":\"https:\/\/www.pacogimenez.com\/homenaje-manuel-granell\/\"},\"wordCount\":164,\"image\":{\"@id\":\"https:\/\/www.pacogimenez.com\/homenaje-manuel-granell\/#primaryimage\"},\"thumbnailUrl\":\"https:\/\/www.pacogimenez.com\/wp-content\/uploads\/n21-BluesMAN-U-dest-10.jpg\",\"articleSection\":[\"News\"],\"inLanguage\":\"en-US\"},{\"@type\":\"WebPage\",\"@id\":\"https:\/\/www.pacogimenez.com\/homenaje-manuel-granell\/\",\"url\":\"https:\/\/www.pacogimenez.com\/homenaje-manuel-granell\/\",\"name\":\"Homenaje a Manuel Granell\",\"isPartOf\":{\"@id\":\"https:\/\/www.pacogimenez.com\/#website\"},\"primaryImageOfPage\":{\"@id\":\"https:\/\/www.pacogimenez.com\/homenaje-manuel-granell\/#primaryimage\"},\"image\":{\"@id\":\"https:\/\/www.pacogimenez.com\/homenaje-manuel-granell\/#primaryimage\"},\"thumbnailUrl\":\"https:\/\/www.pacogimenez.com\/wp-content\/uploads\/n21-BluesMAN-U-dest-10.jpg\",\"datePublished\":\"2014-04-07T16:39:45+00:00\",\"dateModified\":\"2014-09-22T14:51:01+00:00\",\"author\":{\"@id\":\"https:\/\/www.pacogimenez.com\/#\/schema\/person\/9f329781fb1650669c332dfe4328f75d\"},\"inLanguage\":\"en-US\",\"potentialAction\":[{\"@type\":\"ReadAction\",\"target\":[\"https:\/\/www.pacogimenez.com\/homenaje-manuel-granell\/\"]}]},{\"@type\":\"ImageObject\",\"inLanguage\":\"en-US\",\"@id\":\"https:\/\/www.pacogimenez.com\/homenaje-manuel-granell\/#primaryimage\",\"url\":\"https:\/\/www.pacogimenez.com\/wp-content\/uploads\/n21-BluesMAN-U-dest-10.jpg\",\"contentUrl\":\"https:\/\/www.pacogimenez.com\/wp-content\/uploads\/n21-BluesMAN-U-dest-10.jpg\",\"width\":720,\"height\":190,\"caption\":\"BluesMAN-U, Manuel Granell, Paco gim\u00e9nez\"},{\"@type\":\"WebSite\",\"@id\":\"https:\/\/www.pacogimenez.com\/#website\",\"url\":\"https:\/\/www.pacogimenez.com\/\",\"name\":\"(Espa\u00f1ol) Paco Gim\u00e9nez\",\"description\":\"(Espa\u00f1ol) Paco Gim\u00e9nez\",\"potentialAction\":[{\"@type\":\"SearchAction\",\"target\":{\"@type\":\"EntryPoint\",\"urlTemplate\":\"https:\/\/www.pacogimenez.com\/?s={search_term_string}\"},\"query-input\":{\"@type\":\"PropertyValueSpecification\",\"valueRequired\":true,\"valueName\":\"search_term_string\"}}],\"inLanguage\":\"en-US\"},{\"@type\":\"Person\",\"@id\":\"https:\/\/www.pacogimenez.com\/#\/schema\/person\/9f329781fb1650669c332dfe4328f75d\",\"name\":\"admin\",\"image\":{\"@type\":\"ImageObject\",\"inLanguage\":\"en-US\",\"@id\":\"https:\/\/secure.gravatar.com\/avatar\/afc8f54b600f7a3b638398e596bd2b57a2d706f374eaa2cc81ea14c9d14f72cc?s=96&d=mm&r=g\",\"url\":\"https:\/\/secure.gravatar.com\/avatar\/afc8f54b600f7a3b638398e596bd2b57a2d706f374eaa2cc81ea14c9d14f72cc?s=96&d=mm&r=g\",\"contentUrl\":\"https:\/\/secure.gravatar.com\/avatar\/afc8f54b600f7a3b638398e596bd2b57a2d706f374eaa2cc81ea14c9d14f72cc?s=96&d=mm&r=g\",\"caption\":\"admin\"},\"url\":\"https:\/\/www.pacogimenez.com\/en\/author\/admin\/\"}]}<\/script>\n<!-- \/ Yoast SEO plugin. -->","yoast_head_json":{"title":"Homenaje a Manuel Granell","robots":{"index":"index","follow":"follow","max-snippet":"max-snippet:-1","max-image-preview":"max-image-preview:large","max-video-preview":"max-video-preview:-1"},"canonical":"https:\/\/www.pacogimenez.com\/homenaje-manuel-granell\/","og_locale":"en_US","og_type":"article","og_title":"Homenaje a Manuel Granell","og_description":"Para el 60 aniversario de mi amigo Manuel, cre\u00e9 este cartel como retrato y homenaje a su gran afici\u00f3n por el blues. Afici\u00f3n que ha desarrollado como reconocido dise\u00f1ador gr\u00e1fico, editor, pinchadiscos, promotor de conciertos&#8230; y conductor del programa radiof\u00f3nico &#8220;Dilluns tempestu\u00f3s&#8221;. \u00a0&nbsp;","og_url":"https:\/\/www.pacogimenez.com\/homenaje-manuel-granell\/","og_site_name":"(Espa\u00f1ol) Paco Gim\u00e9nez","article_published_time":"2014-04-07T16:39:45+00:00","article_modified_time":"2014-09-22T14:51:01+00:00","og_image":[{"width":720,"height":190,"url":"https:\/\/www.pacogimenez.com\/wp-content\/uploads\/n21-BluesMAN-U-dest-10.jpg","type":"image\/jpeg"}],"author":"admin","twitter_misc":{"Written by":"admin","Est. reading time":"1 minute"},"schema":{"@context":"https:\/\/schema.org","@graph":[{"@type":"Article","@id":"https:\/\/www.pacogimenez.com\/homenaje-manuel-granell\/#article","isPartOf":{"@id":"https:\/\/www.pacogimenez.com\/homenaje-manuel-granell\/"},"author":{"name":"admin","@id":"https:\/\/www.pacogimenez.com\/#\/schema\/person\/9f329781fb1650669c332dfe4328f75d"},"headline":"Homenaje a Manuel Granell","datePublished":"2014-04-07T16:39:45+00:00","dateModified":"2014-09-22T14:51:01+00:00","mainEntityOfPage":{"@id":"https:\/\/www.pacogimenez.com\/homenaje-manuel-granell\/"},"wordCount":164,"image":{"@id":"https:\/\/www.pacogimenez.com\/homenaje-manuel-granell\/#primaryimage"},"thumbnailUrl":"https:\/\/www.pacogimenez.com\/wp-content\/uploads\/n21-BluesMAN-U-dest-10.jpg","articleSection":["News"],"inLanguage":"en-US"},{"@type":"WebPage","@id":"https:\/\/www.pacogimenez.com\/homenaje-manuel-granell\/","url":"https:\/\/www.pacogimenez.com\/homenaje-manuel-granell\/","name":"Homenaje a Manuel Granell","isPartOf":{"@id":"https:\/\/www.pacogimenez.com\/#website"},"primaryImageOfPage":{"@id":"https:\/\/www.pacogimenez.com\/homenaje-manuel-granell\/#primaryimage"},"image":{"@id":"https:\/\/www.pacogimenez.com\/homenaje-manuel-granell\/#primaryimage"},"thumbnailUrl":"https:\/\/www.pacogimenez.com\/wp-content\/uploads\/n21-BluesMAN-U-dest-10.jpg","datePublished":"2014-04-07T16:39:45+00:00","dateModified":"2014-09-22T14:51:01+00:00","author":{"@id":"https:\/\/www.pacogimenez.com\/#\/schema\/person\/9f329781fb1650669c332dfe4328f75d"},"inLanguage":"en-US","potentialAction":[{"@type":"ReadAction","target":["https:\/\/www.pacogimenez.com\/homenaje-manuel-granell\/"]}]},{"@type":"ImageObject","inLanguage":"en-US","@id":"https:\/\/www.pacogimenez.com\/homenaje-manuel-granell\/#primaryimage","url":"https:\/\/www.pacogimenez.com\/wp-content\/uploads\/n21-BluesMAN-U-dest-10.jpg","contentUrl":"https:\/\/www.pacogimenez.com\/wp-content\/uploads\/n21-BluesMAN-U-dest-10.jpg","width":720,"height":190,"caption":"BluesMAN-U, Manuel Granell, Paco gim\u00e9nez"},{"@type":"WebSite","@id":"https:\/\/www.pacogimenez.com\/#website","url":"https:\/\/www.pacogimenez.com\/","name":"(Espa\u00f1ol) Paco Gim\u00e9nez","description":"(Espa\u00f1ol) Paco Gim\u00e9nez","potentialAction":[{"@type":"SearchAction","target":{"@type":"EntryPoint","urlTemplate":"https:\/\/www.pacogimenez.com\/?s={search_term_string}"},"query-input":{"@type":"PropertyValueSpecification","valueRequired":true,"valueName":"search_term_string"}}],"inLanguage":"en-US"},{"@type":"Person","@id":"https:\/\/www.pacogimenez.com\/#\/schema\/person\/9f329781fb1650669c332dfe4328f75d","name":"admin","image":{"@type":"ImageObject","inLanguage":"en-US","@id":"https:\/\/secure.gravatar.com\/avatar\/afc8f54b600f7a3b638398e596bd2b57a2d706f374eaa2cc81ea14c9d14f72cc?s=96&d=mm&r=g","url":"https:\/\/secure.gravatar.com\/avatar\/afc8f54b600f7a3b638398e596bd2b57a2d706f374eaa2cc81ea14c9d14f72cc?s=96&d=mm&r=g","contentUrl":"https:\/\/secure.gravatar.com\/avatar\/afc8f54b600f7a3b638398e596bd2b57a2d706f374eaa2cc81ea14c9d14f72cc?s=96&d=mm&r=g","caption":"admin"},"url":"https:\/\/www.pacogimenez.com\/en\/author\/admin\/"}]}},"_links":{"self":[{"href":"https:\/\/www.pacogimenez.com\/en\/wp-json\/wp\/v2\/posts\/1144","targetHints":{"allow":["GET"]}}],"collection":[{"href":"https:\/\/www.pacogimenez.com\/en\/wp-json\/wp\/v2\/posts"}],"about":[{"href":"https:\/\/www.pacogimenez.com\/en\/wp-json\/wp\/v2\/types\/post"}],"author":[{"embeddable":true,"href":"https:\/\/www.pacogimenez.com\/en\/wp-json\/wp\/v2\/users\/1"}],"replies":[{"embeddable":true,"href":"https:\/\/www.pacogimenez.com\/en\/wp-json\/wp\/v2\/comments?post=1144"}],"version-history":[{"count":9,"href":"https:\/\/www.pacogimenez.com\/en\/wp-json\/wp\/v2\/posts\/1144\/revisions"}],"predecessor-version":[{"id":3192,"href":"https:\/\/www.pacogimenez.com\/en\/wp-json\/wp\/v2\/posts\/1144\/revisions\/3192"}],"wp:featuredmedia":[{"embeddable":true,"href":"https:\/\/www.pacogimenez.com\/en\/wp-json\/wp\/v2\/media\/1905"}],"wp:attachment":[{"href":"https:\/\/www.pacogimenez.com\/en\/wp-json\/wp\/v2\/media?parent=1144"}],"wp:term":[{"taxonomy":"category","embeddable":true,"href":"https:\/\/www.pacogimenez.com\/en\/wp-json\/wp\/v2\/categories?post=1144"},{"taxonomy":"post_tag","embeddable":true,"href":"https:\/\/www.pacogimenez.com\/en\/wp-json\/wp\/v2\/tags?post=1144"}],"curies":[{"name":"wp","href":"https:\/\/api.w.org\/{rel}","templated":true}]}}