{"id":1130,"date":"2014-02-02T22:16:17","date_gmt":"2014-02-02T16:16:17","guid":{"rendered":"http:\/\/www.pacogimenez.com\/?p=1130"},"modified":"2015-07-02T15:39:01","modified_gmt":"2015-07-02T13:39:01","slug":"el-libro-vesos-conversos-en-un-pais-de-llibre","status":"publish","type":"post","link":"https:\/\/www.pacogimenez.com\/en\/el-libro-vesos-conversos-en-un-pais-de-llibre\/","title":{"rendered":"El libro &#8220;&#8230; versos conversos&#8230;&#8221; en el programa &#8220;Un pa\u00eds de llibre&#8221;"},"content":{"rendered":"<p>V\u00eddeo entrevista. El Cap\u00edtulo 13 del programa &#8216;<strong>Un pa\u00eds de llibre<\/strong>&#8216; est\u00e1 dedicado al libro de Josep Ballester y Paco Gim\u00e9nez, <em>Diversos y dispersos versos conversos y perversos de los universos<\/em>.<\/p>\n<p>Conducido por Eugeni Alemany, producido por Barret Films, patrocinado por la Associaci\u00f3 d&#8217;Editors del Pa\u00eds Valenci\u00e0, el Gremi de Llibrers de Val\u00e8ncia y la Acad\u00e8mia Valenciana de la Llengua.<br \/>\n&nbsp;<\/p>\n<p><iframe loading=\"lazy\" src=\"\/\/www.youtube.com\/embed\/qZA5E8x_XhY\" height=\"360\" width=\"640\" frameborder=\"0\"><\/iframe><br \/>\n&nbsp;<br \/>\n&nbsp;<br \/>\nVer <a title=\"ilustraciones\" href=\"http:\/\/www.pacogimenez.com\/gallery\/versos-conversos\/\" target=\"_blank\">ilustraciones<\/a> de este libro<br \/>\n&nbsp;<br \/>\nOtras noticias de este libro:<br \/>\nPortada y rese\u00f1a <a title=\"en CLIJ\" href=\"http:\/\/www.pacogimenez.com\/portada-y-amplia-resena-en-clij\/\" target=\"_blank\">en CLIJ<\/a><br \/>\nRese\u00f1a en &#8216;Lletres Valencianes: <a href=\"http:\/\/www.pacogimenez.com\/resena-en-lletres-valencianes-especial-premis-de-la-generalitat\/\" target=\"_blank\">Premios 2014<\/a>&#8216;<br \/>\n<a title=\"Booktrailer\" href=\"http:\/\/www.pacogimenez.com\/un-booktrailer-para-versos-conversos\/\" target=\"_blank\">Booktrailer<\/a> promocional<br \/>\n<a title=\"Entrega de premios\" href=\"http:\/\/www.pacogimenez.com\/entrega-de-los-premios-los-libros-mejor-editados-de-2013\/\" target=\"_blank\">Entrega de premios<\/a> de la Generalitat<br \/>\nPremio al <a title=\"Libro Mejor Editado\" href=\"http:\/\/www.pacogimenez.com\/premi-al-llibre-millor-editat-de-2013\/\" target=\"_blank\">Libro Mejor Editado<\/a> de 2013<br \/>\n<a title=\"Premi Samaruc 2014\" href=\"http:\/\/www.pacogimenez.com\/premi-samaruc-para-versos-conversos\/\" target=\"_blank\">Premi Samaruc<\/a> 2014<br \/>\nRese\u00f1a en el <a title=\"bolet\u00edn de la APIV\" href=\"http:\/\/www.pacogimenez.com\/versos-conversos-en-el-boletin-de-la-apiv\/\" target=\"_blank\">bolet\u00edn de la APIV <\/a><br \/>\nPresentaci\u00f3n en la <a title=\"Llibreria 3i4\" href=\"http:\/\/www.pacogimenez.com\/presentacion-de-versos-conversos-en-la-libreria-3-4\/\" target=\"_blank\">Llibreria 3i4<\/a><br \/>\nRese\u00f1a en <a title=\"\" href=\"http:\/\/www.pacogimenez.com\/nueve-personajes-en-busca-de-poeta\/\" target=\"_blank\">&#8220;Lletres Valencianes&#8221;<\/a><br \/>\nV\u00eddeo presentaci\u00f3n en la <a title=\"Fira del Llibre\" href=\"http:\/\/www.pacogimenez.com\/presentacion-del-libro-diversos-y-dispersos-versos-conversos-y-perversos-de-los-universos\/\" target=\"_blank\">Fira del Llibre<\/a><br \/>\n<\/p>","protected":false},"excerpt":{"rendered":"<p>V\u00eddeo entrevista. El Cap\u00edtulo 13 del programa &#8216;Un pa\u00eds de llibre&#8216; est\u00e1 dedicado al libro de Josep Ballester y Paco Gim\u00e9nez, Diversos y dispersos versos conversos y perversos de los universos. Conducido por Eugeni Alemany, producido por Barret Films, patrocinado por la Associaci\u00f3 d&#8217;Editors del Pa\u00eds Valenci\u00e0, el Gremi de Llibrers de Val\u00e8ncia y la&#8230;<\/p>\n","protected":false},"author":1,"featured_media":1131,"comment_status":"closed","ping_status":"closed","sticky":false,"template":"","format":"standard","meta":{"_monsterinsights_skip_tracking":false,"_monsterinsights_sitenote_active":false,"_monsterinsights_sitenote_note":"","_monsterinsights_sitenote_category":0,"footnotes":""},"categories":[16],"tags":[],"class_list":["post-1130","post","type-post","status-publish","format-standard","has-post-thumbnail","hentry","category-noticias"],"yoast_head":"<!-- This site is optimized with the Yoast SEO plugin v27.2 - https:\/\/yoast.com\/product\/yoast-seo-wordpress\/ -->\n<title>El libro &quot;... versos conversos...&quot; en el programa &quot;Un pa\u00eds de llibre&quot;<\/title>\n<meta name=\"robots\" content=\"index, follow, max-snippet:-1, max-image-preview:large, max-video-preview:-1\" \/>\n<link rel=\"canonical\" href=\"https:\/\/www.pacogimenez.com\/el-libro-vesos-conversos-en-un-pais-de-llibre\/\" \/>\n<meta property=\"og:locale\" content=\"en_US\" \/>\n<meta property=\"og:type\" content=\"article\" \/>\n<meta property=\"og:title\" content=\"El libro &quot;... versos conversos...&quot; en el programa &quot;Un pa\u00eds de llibre&quot;\" \/>\n<meta property=\"og:description\" content=\"V\u00eddeo entrevista. El Cap\u00edtulo 13 del programa &#8216;Un pa\u00eds de llibre&#8216; est\u00e1 dedicado al libro de Josep Ballester y Paco Gim\u00e9nez, Diversos y dispersos versos conversos y perversos de los universos. Conducido por Eugeni Alemany, producido por Barret Films, patrocinado por la Associaci\u00f3 d&#8217;Editors del Pa\u00eds Valenci\u00e0, el Gremi de Llibrers de Val\u00e8ncia y la...\" \/>\n<meta property=\"og:url\" content=\"https:\/\/www.pacogimenez.com\/el-libro-vesos-conversos-en-un-pais-de-llibre\/\" \/>\n<meta property=\"og:site_name\" content=\"(Espa\u00f1ol) Paco Gim\u00e9nez\" \/>\n<meta property=\"article:published_time\" content=\"2014-02-02T16:16:17+00:00\" \/>\n<meta property=\"article:modified_time\" content=\"2015-07-02T13:39:01+00:00\" \/>\n<meta property=\"og:image\" content=\"https:\/\/www.pacogimenez.com\/wp-content\/uploads\/video.jpg\" \/>\n\t<meta property=\"og:image:width\" content=\"720\" \/>\n\t<meta property=\"og:image:height\" content=\"190\" \/>\n\t<meta property=\"og:image:type\" content=\"image\/jpeg\" \/>\n<meta name=\"author\" content=\"admin\" \/>\n<meta name=\"twitter:label1\" content=\"Written by\" \/>\n\t<meta name=\"twitter:data1\" content=\"admin\" \/>\n\t<meta name=\"twitter:label2\" content=\"Est. reading time\" \/>\n\t<meta name=\"twitter:data2\" content=\"2 minutes\" \/>\n<script type=\"application\/ld+json\" class=\"yoast-schema-graph\">{\"@context\":\"https:\/\/schema.org\",\"@graph\":[{\"@type\":\"Article\",\"@id\":\"https:\/\/www.pacogimenez.com\/el-libro-vesos-conversos-en-un-pais-de-llibre\/#article\",\"isPartOf\":{\"@id\":\"https:\/\/www.pacogimenez.com\/el-libro-vesos-conversos-en-un-pais-de-llibre\/\"},\"author\":{\"name\":\"admin\",\"@id\":\"https:\/\/www.pacogimenez.com\/#\/schema\/person\/9f329781fb1650669c332dfe4328f75d\"},\"headline\":\"El libro &#8220;&#8230; versos conversos&#8230;&#8221; en el programa &#8220;Un pa\u00eds de llibre&#8221;\",\"datePublished\":\"2014-02-02T16:16:17+00:00\",\"dateModified\":\"2015-07-02T13:39:01+00:00\",\"mainEntityOfPage\":{\"@id\":\"https:\/\/www.pacogimenez.com\/el-libro-vesos-conversos-en-un-pais-de-llibre\/\"},\"wordCount\":438,\"image\":{\"@id\":\"https:\/\/www.pacogimenez.com\/el-libro-vesos-conversos-en-un-pais-de-llibre\/#primaryimage\"},\"thumbnailUrl\":\"https:\/\/www.pacogimenez.com\/wp-content\/uploads\/video.jpg\",\"articleSection\":[\"News\"],\"inLanguage\":\"en-US\"},{\"@type\":\"WebPage\",\"@id\":\"https:\/\/www.pacogimenez.com\/el-libro-vesos-conversos-en-un-pais-de-llibre\/\",\"url\":\"https:\/\/www.pacogimenez.com\/el-libro-vesos-conversos-en-un-pais-de-llibre\/\",\"name\":\"El libro \\\"... versos conversos...\\\" en el programa \\\"Un pa\u00eds de llibre\\\"\",\"isPartOf\":{\"@id\":\"https:\/\/www.pacogimenez.com\/#website\"},\"primaryImageOfPage\":{\"@id\":\"https:\/\/www.pacogimenez.com\/el-libro-vesos-conversos-en-un-pais-de-llibre\/#primaryimage\"},\"image\":{\"@id\":\"https:\/\/www.pacogimenez.com\/el-libro-vesos-conversos-en-un-pais-de-llibre\/#primaryimage\"},\"thumbnailUrl\":\"https:\/\/www.pacogimenez.com\/wp-content\/uploads\/video.jpg\",\"datePublished\":\"2014-02-02T16:16:17+00:00\",\"dateModified\":\"2015-07-02T13:39:01+00:00\",\"author\":{\"@id\":\"https:\/\/www.pacogimenez.com\/#\/schema\/person\/9f329781fb1650669c332dfe4328f75d\"},\"inLanguage\":\"en-US\",\"potentialAction\":[{\"@type\":\"ReadAction\",\"target\":[\"https:\/\/www.pacogimenez.com\/el-libro-vesos-conversos-en-un-pais-de-llibre\/\"]}]},{\"@type\":\"ImageObject\",\"inLanguage\":\"en-US\",\"@id\":\"https:\/\/www.pacogimenez.com\/el-libro-vesos-conversos-en-un-pais-de-llibre\/#primaryimage\",\"url\":\"https:\/\/www.pacogimenez.com\/wp-content\/uploads\/video.jpg\",\"contentUrl\":\"https:\/\/www.pacogimenez.com\/wp-content\/uploads\/video.jpg\",\"width\":720,\"height\":190},{\"@type\":\"WebSite\",\"@id\":\"https:\/\/www.pacogimenez.com\/#website\",\"url\":\"https:\/\/www.pacogimenez.com\/\",\"name\":\"(Espa\u00f1ol) Paco Gim\u00e9nez\",\"description\":\"(Espa\u00f1ol) Paco Gim\u00e9nez\",\"potentialAction\":[{\"@type\":\"SearchAction\",\"target\":{\"@type\":\"EntryPoint\",\"urlTemplate\":\"https:\/\/www.pacogimenez.com\/?s={search_term_string}\"},\"query-input\":{\"@type\":\"PropertyValueSpecification\",\"valueRequired\":true,\"valueName\":\"search_term_string\"}}],\"inLanguage\":\"en-US\"},{\"@type\":\"Person\",\"@id\":\"https:\/\/www.pacogimenez.com\/#\/schema\/person\/9f329781fb1650669c332dfe4328f75d\",\"name\":\"admin\",\"image\":{\"@type\":\"ImageObject\",\"inLanguage\":\"en-US\",\"@id\":\"https:\/\/secure.gravatar.com\/avatar\/afc8f54b600f7a3b638398e596bd2b57a2d706f374eaa2cc81ea14c9d14f72cc?s=96&d=mm&r=g\",\"url\":\"https:\/\/secure.gravatar.com\/avatar\/afc8f54b600f7a3b638398e596bd2b57a2d706f374eaa2cc81ea14c9d14f72cc?s=96&d=mm&r=g\",\"contentUrl\":\"https:\/\/secure.gravatar.com\/avatar\/afc8f54b600f7a3b638398e596bd2b57a2d706f374eaa2cc81ea14c9d14f72cc?s=96&d=mm&r=g\",\"caption\":\"admin\"},\"url\":\"https:\/\/www.pacogimenez.com\/en\/author\/admin\/\"}]}<\/script>\n<!-- \/ Yoast SEO plugin. -->","yoast_head_json":{"title":"El libro \"... versos conversos...\" en el programa \"Un pa\u00eds de llibre\"","robots":{"index":"index","follow":"follow","max-snippet":"max-snippet:-1","max-image-preview":"max-image-preview:large","max-video-preview":"max-video-preview:-1"},"canonical":"https:\/\/www.pacogimenez.com\/el-libro-vesos-conversos-en-un-pais-de-llibre\/","og_locale":"en_US","og_type":"article","og_title":"El libro \"... versos conversos...\" en el programa \"Un pa\u00eds de llibre\"","og_description":"V\u00eddeo entrevista. El Cap\u00edtulo 13 del programa &#8216;Un pa\u00eds de llibre&#8216; est\u00e1 dedicado al libro de Josep Ballester y Paco Gim\u00e9nez, Diversos y dispersos versos conversos y perversos de los universos. Conducido por Eugeni Alemany, producido por Barret Films, patrocinado por la Associaci\u00f3 d&#8217;Editors del Pa\u00eds Valenci\u00e0, el Gremi de Llibrers de Val\u00e8ncia y la...","og_url":"https:\/\/www.pacogimenez.com\/el-libro-vesos-conversos-en-un-pais-de-llibre\/","og_site_name":"(Espa\u00f1ol) Paco Gim\u00e9nez","article_published_time":"2014-02-02T16:16:17+00:00","article_modified_time":"2015-07-02T13:39:01+00:00","og_image":[{"width":720,"height":190,"url":"https:\/\/www.pacogimenez.com\/wp-content\/uploads\/video.jpg","type":"image\/jpeg"}],"author":"admin","twitter_misc":{"Written by":"admin","Est. reading time":"2 minutes"},"schema":{"@context":"https:\/\/schema.org","@graph":[{"@type":"Article","@id":"https:\/\/www.pacogimenez.com\/el-libro-vesos-conversos-en-un-pais-de-llibre\/#article","isPartOf":{"@id":"https:\/\/www.pacogimenez.com\/el-libro-vesos-conversos-en-un-pais-de-llibre\/"},"author":{"name":"admin","@id":"https:\/\/www.pacogimenez.com\/#\/schema\/person\/9f329781fb1650669c332dfe4328f75d"},"headline":"El libro &#8220;&#8230; versos conversos&#8230;&#8221; en el programa &#8220;Un pa\u00eds de llibre&#8221;","datePublished":"2014-02-02T16:16:17+00:00","dateModified":"2015-07-02T13:39:01+00:00","mainEntityOfPage":{"@id":"https:\/\/www.pacogimenez.com\/el-libro-vesos-conversos-en-un-pais-de-llibre\/"},"wordCount":438,"image":{"@id":"https:\/\/www.pacogimenez.com\/el-libro-vesos-conversos-en-un-pais-de-llibre\/#primaryimage"},"thumbnailUrl":"https:\/\/www.pacogimenez.com\/wp-content\/uploads\/video.jpg","articleSection":["News"],"inLanguage":"en-US"},{"@type":"WebPage","@id":"https:\/\/www.pacogimenez.com\/el-libro-vesos-conversos-en-un-pais-de-llibre\/","url":"https:\/\/www.pacogimenez.com\/el-libro-vesos-conversos-en-un-pais-de-llibre\/","name":"El libro \"... versos conversos...\" en el programa \"Un pa\u00eds de llibre\"","isPartOf":{"@id":"https:\/\/www.pacogimenez.com\/#website"},"primaryImageOfPage":{"@id":"https:\/\/www.pacogimenez.com\/el-libro-vesos-conversos-en-un-pais-de-llibre\/#primaryimage"},"image":{"@id":"https:\/\/www.pacogimenez.com\/el-libro-vesos-conversos-en-un-pais-de-llibre\/#primaryimage"},"thumbnailUrl":"https:\/\/www.pacogimenez.com\/wp-content\/uploads\/video.jpg","datePublished":"2014-02-02T16:16:17+00:00","dateModified":"2015-07-02T13:39:01+00:00","author":{"@id":"https:\/\/www.pacogimenez.com\/#\/schema\/person\/9f329781fb1650669c332dfe4328f75d"},"inLanguage":"en-US","potentialAction":[{"@type":"ReadAction","target":["https:\/\/www.pacogimenez.com\/el-libro-vesos-conversos-en-un-pais-de-llibre\/"]}]},{"@type":"ImageObject","inLanguage":"en-US","@id":"https:\/\/www.pacogimenez.com\/el-libro-vesos-conversos-en-un-pais-de-llibre\/#primaryimage","url":"https:\/\/www.pacogimenez.com\/wp-content\/uploads\/video.jpg","contentUrl":"https:\/\/www.pacogimenez.com\/wp-content\/uploads\/video.jpg","width":720,"height":190},{"@type":"WebSite","@id":"https:\/\/www.pacogimenez.com\/#website","url":"https:\/\/www.pacogimenez.com\/","name":"(Espa\u00f1ol) Paco Gim\u00e9nez","description":"(Espa\u00f1ol) Paco Gim\u00e9nez","potentialAction":[{"@type":"SearchAction","target":{"@type":"EntryPoint","urlTemplate":"https:\/\/www.pacogimenez.com\/?s={search_term_string}"},"query-input":{"@type":"PropertyValueSpecification","valueRequired":true,"valueName":"search_term_string"}}],"inLanguage":"en-US"},{"@type":"Person","@id":"https:\/\/www.pacogimenez.com\/#\/schema\/person\/9f329781fb1650669c332dfe4328f75d","name":"admin","image":{"@type":"ImageObject","inLanguage":"en-US","@id":"https:\/\/secure.gravatar.com\/avatar\/afc8f54b600f7a3b638398e596bd2b57a2d706f374eaa2cc81ea14c9d14f72cc?s=96&d=mm&r=g","url":"https:\/\/secure.gravatar.com\/avatar\/afc8f54b600f7a3b638398e596bd2b57a2d706f374eaa2cc81ea14c9d14f72cc?s=96&d=mm&r=g","contentUrl":"https:\/\/secure.gravatar.com\/avatar\/afc8f54b600f7a3b638398e596bd2b57a2d706f374eaa2cc81ea14c9d14f72cc?s=96&d=mm&r=g","caption":"admin"},"url":"https:\/\/www.pacogimenez.com\/en\/author\/admin\/"}]}},"_links":{"self":[{"href":"https:\/\/www.pacogimenez.com\/en\/wp-json\/wp\/v2\/posts\/1130","targetHints":{"allow":["GET"]}}],"collection":[{"href":"https:\/\/www.pacogimenez.com\/en\/wp-json\/wp\/v2\/posts"}],"about":[{"href":"https:\/\/www.pacogimenez.com\/en\/wp-json\/wp\/v2\/types\/post"}],"author":[{"embeddable":true,"href":"https:\/\/www.pacogimenez.com\/en\/wp-json\/wp\/v2\/users\/1"}],"replies":[{"embeddable":true,"href":"https:\/\/www.pacogimenez.com\/en\/wp-json\/wp\/v2\/comments?post=1130"}],"version-history":[{"count":62,"href":"https:\/\/www.pacogimenez.com\/en\/wp-json\/wp\/v2\/posts\/1130\/revisions"}],"predecessor-version":[{"id":4180,"href":"https:\/\/www.pacogimenez.com\/en\/wp-json\/wp\/v2\/posts\/1130\/revisions\/4180"}],"wp:featuredmedia":[{"embeddable":true,"href":"https:\/\/www.pacogimenez.com\/en\/wp-json\/wp\/v2\/media\/1131"}],"wp:attachment":[{"href":"https:\/\/www.pacogimenez.com\/en\/wp-json\/wp\/v2\/media?parent=1130"}],"wp:term":[{"taxonomy":"category","embeddable":true,"href":"https:\/\/www.pacogimenez.com\/en\/wp-json\/wp\/v2\/categories?post=1130"},{"taxonomy":"post_tag","embeddable":true,"href":"https:\/\/www.pacogimenez.com\/en\/wp-json\/wp\/v2\/tags?post=1130"}],"curies":[{"name":"wp","href":"https:\/\/api.w.org\/{rel}","templated":true}]}}