{"id":775,"date":"2013-04-10T17:09:12","date_gmt":"2013-04-10T11:09:12","guid":{"rendered":"http:\/\/www.pacogimenez.com\/?p=775"},"modified":"2014-07-23T16:58:05","modified_gmt":"2014-07-23T10:58:05","slug":"resena-del-libro-la-fiesta-monstruosa-2","status":"publish","type":"post","link":"https:\/\/www.pacogimenez.com\/ca\/resena-del-libro-la-fiesta-monstruosa-2\/","title":{"rendered":"Ressenya del llibre &#8220;La festa monstruosa&#8221;"},"content":{"rendered":"<p><\/p>\n<h5>Amb textos de Carles Cano, i edici\u00f3 en catal\u00e0 d&#8217;Animallibres, en valenci\u00e0 de Bromera, i en castell\u00e0 d&#8217;Algar.<\/h5>\n<p>Gemma Mulet, &#8220;Faristol. Revista del Llibre Infantil i Juvenil\u201d n\u00fam. 75, abril 2013. Consell Catal\u00e0 del Llibre Infantil i Juvenil, Barcelona.<br \/>\n&nbsp;<\/p>\n<p><img loading=\"lazy\" decoding=\"async\" alt=\"ilustracion la fiesta monstruosa\" src=\"http:\/\/www.pacogimenez.com\/wp-content\/uploads\/n03-fiesta-monstruosa1.jpg\" width=\"800\" height=\"1269\" \/><\/p>","protected":false},"excerpt":{"rendered":"<p>Amb textos de Carles Cano, i edici\u00f3 en catal\u00e0 d&#8217;Animallibres, en valenci\u00e0 de Bromera, i en castell\u00e0 d&#8217;Algar. Gemma Mulet, &#8220;Faristol. Revista del Llibre Infantil i Juvenil\u201d n\u00fam. 75, abril 2013. Consell Catal\u00e0 del Llibre Infantil i Juvenil, Barcelona. &nbsp;<\/p>\n","protected":false},"author":1,"featured_media":1102,"comment_status":"closed","ping_status":"closed","sticky":false,"template":"","format":"standard","meta":{"_monsterinsights_skip_tracking":false,"_monsterinsights_sitenote_active":false,"_monsterinsights_sitenote_note":"","_monsterinsights_sitenote_category":0,"footnotes":""},"categories":[16],"tags":[],"class_list":["post-775","post","type-post","status-publish","format-standard","has-post-thumbnail","hentry","category-noticias"],"yoast_head":"<!-- This site is optimized with the Yoast SEO plugin v27.2 - https:\/\/yoast.com\/product\/yoast-seo-wordpress\/ -->\n<title>Ressenya del llibre &quot;La festa monstruosa&quot;<\/title>\n<meta name=\"robots\" content=\"index, follow, max-snippet:-1, max-image-preview:large, max-video-preview:-1\" \/>\n<link rel=\"canonical\" href=\"https:\/\/www.pacogimenez.com\/resena-del-libro-la-fiesta-monstruosa-2\/\" \/>\n<meta property=\"og:locale\" content=\"es_ES\" \/>\n<meta property=\"og:type\" content=\"article\" \/>\n<meta property=\"og:title\" content=\"Ressenya del llibre &quot;La festa monstruosa&quot;\" \/>\n<meta property=\"og:description\" content=\"Amb textos de Carles Cano, i edici\u00f3 en catal\u00e0 d&#8217;Animallibres, en valenci\u00e0 de Bromera, i en castell\u00e0 d&#8217;Algar. Gemma Mulet, &#8220;Faristol. Revista del Llibre Infantil i Juvenil\u201d n\u00fam. 75, abril 2013. Consell Catal\u00e0 del Llibre Infantil i Juvenil, Barcelona. &nbsp;\" \/>\n<meta property=\"og:url\" content=\"https:\/\/www.pacogimenez.com\/resena-del-libro-la-fiesta-monstruosa-2\/\" \/>\n<meta property=\"og:site_name\" content=\"(Espa\u00f1ol) Paco Gim\u00e9nez\" \/>\n<meta property=\"article:published_time\" content=\"2013-04-10T11:09:12+00:00\" \/>\n<meta property=\"article:modified_time\" content=\"2014-07-23T10:58:05+00:00\" \/>\n<meta property=\"og:image\" content=\"https:\/\/www.pacogimenez.com\/wp-content\/uploads\/fiesta-monstruosa1.jpg\" \/>\n\t<meta property=\"og:image:width\" content=\"720\" \/>\n\t<meta property=\"og:image:height\" content=\"190\" \/>\n\t<meta property=\"og:image:type\" content=\"image\/jpeg\" \/>\n<meta name=\"author\" content=\"admin\" \/>\n<meta name=\"twitter:label1\" content=\"Written by\" \/>\n\t<meta name=\"twitter:data1\" content=\"admin\" \/>\n\t<meta name=\"twitter:label2\" content=\"Est. reading time\" \/>\n\t<meta name=\"twitter:data2\" content=\"1 minute\" \/>\n<script type=\"application\/ld+json\" class=\"yoast-schema-graph\">{\"@context\":\"https:\/\/schema.org\",\"@graph\":[{\"@type\":\"Article\",\"@id\":\"https:\/\/www.pacogimenez.com\/resena-del-libro-la-fiesta-monstruosa-2\/#article\",\"isPartOf\":{\"@id\":\"https:\/\/www.pacogimenez.com\/resena-del-libro-la-fiesta-monstruosa-2\/\"},\"author\":{\"name\":\"admin\",\"@id\":\"https:\/\/www.pacogimenez.com\/#\/schema\/person\/9f329781fb1650669c332dfe4328f75d\"},\"headline\":\"Ressenya del llibre &#8220;La festa monstruosa&#8221;\",\"datePublished\":\"2013-04-10T11:09:12+00:00\",\"dateModified\":\"2014-07-23T10:58:05+00:00\",\"mainEntityOfPage\":{\"@id\":\"https:\/\/www.pacogimenez.com\/resena-del-libro-la-fiesta-monstruosa-2\/\"},\"wordCount\":145,\"image\":{\"@id\":\"https:\/\/www.pacogimenez.com\/resena-del-libro-la-fiesta-monstruosa-2\/#primaryimage\"},\"thumbnailUrl\":\"https:\/\/www.pacogimenez.com\/wp-content\/uploads\/fiesta-monstruosa1.jpg\",\"articleSection\":[\"Noticies\"],\"inLanguage\":\"es-CA\"},{\"@type\":\"WebPage\",\"@id\":\"https:\/\/www.pacogimenez.com\/resena-del-libro-la-fiesta-monstruosa-2\/\",\"url\":\"https:\/\/www.pacogimenez.com\/resena-del-libro-la-fiesta-monstruosa-2\/\",\"name\":\"Ressenya del llibre \\\"La festa monstruosa\\\"\",\"isPartOf\":{\"@id\":\"https:\/\/www.pacogimenez.com\/#website\"},\"primaryImageOfPage\":{\"@id\":\"https:\/\/www.pacogimenez.com\/resena-del-libro-la-fiesta-monstruosa-2\/#primaryimage\"},\"image\":{\"@id\":\"https:\/\/www.pacogimenez.com\/resena-del-libro-la-fiesta-monstruosa-2\/#primaryimage\"},\"thumbnailUrl\":\"https:\/\/www.pacogimenez.com\/wp-content\/uploads\/fiesta-monstruosa1.jpg\",\"datePublished\":\"2013-04-10T11:09:12+00:00\",\"dateModified\":\"2014-07-23T10:58:05+00:00\",\"author\":{\"@id\":\"https:\/\/www.pacogimenez.com\/#\/schema\/person\/9f329781fb1650669c332dfe4328f75d\"},\"inLanguage\":\"es-CA\",\"potentialAction\":[{\"@type\":\"ReadAction\",\"target\":[\"https:\/\/www.pacogimenez.com\/resena-del-libro-la-fiesta-monstruosa-2\/\"]}]},{\"@type\":\"ImageObject\",\"inLanguage\":\"es-CA\",\"@id\":\"https:\/\/www.pacogimenez.com\/resena-del-libro-la-fiesta-monstruosa-2\/#primaryimage\",\"url\":\"https:\/\/www.pacogimenez.com\/wp-content\/uploads\/fiesta-monstruosa1.jpg\",\"contentUrl\":\"https:\/\/www.pacogimenez.com\/wp-content\/uploads\/fiesta-monstruosa1.jpg\",\"width\":720,\"height\":190,\"caption\":\"fiesta-monstruosa\"},{\"@type\":\"WebSite\",\"@id\":\"https:\/\/www.pacogimenez.com\/#website\",\"url\":\"https:\/\/www.pacogimenez.com\/\",\"name\":\"(Espa\u00f1ol) Paco Gim\u00e9nez\",\"description\":\"(Espa\u00f1ol) Paco Gim\u00e9nez\",\"potentialAction\":[{\"@type\":\"SearchAction\",\"target\":{\"@type\":\"EntryPoint\",\"urlTemplate\":\"https:\/\/www.pacogimenez.com\/?s={search_term_string}\"},\"query-input\":{\"@type\":\"PropertyValueSpecification\",\"valueRequired\":true,\"valueName\":\"search_term_string\"}}],\"inLanguage\":\"es-CA\"},{\"@type\":\"Person\",\"@id\":\"https:\/\/www.pacogimenez.com\/#\/schema\/person\/9f329781fb1650669c332dfe4328f75d\",\"name\":\"admin\",\"image\":{\"@type\":\"ImageObject\",\"inLanguage\":\"es-CA\",\"@id\":\"https:\/\/secure.gravatar.com\/avatar\/afc8f54b600f7a3b638398e596bd2b57a2d706f374eaa2cc81ea14c9d14f72cc?s=96&d=mm&r=g\",\"url\":\"https:\/\/secure.gravatar.com\/avatar\/afc8f54b600f7a3b638398e596bd2b57a2d706f374eaa2cc81ea14c9d14f72cc?s=96&d=mm&r=g\",\"contentUrl\":\"https:\/\/secure.gravatar.com\/avatar\/afc8f54b600f7a3b638398e596bd2b57a2d706f374eaa2cc81ea14c9d14f72cc?s=96&d=mm&r=g\",\"caption\":\"admin\"},\"url\":\"https:\/\/www.pacogimenez.com\/ca\/author\/admin\/\"}]}<\/script>\n<!-- \/ Yoast SEO plugin. -->","yoast_head_json":{"title":"Ressenya del llibre \"La festa monstruosa\"","robots":{"index":"index","follow":"follow","max-snippet":"max-snippet:-1","max-image-preview":"max-image-preview:large","max-video-preview":"max-video-preview:-1"},"canonical":"https:\/\/www.pacogimenez.com\/resena-del-libro-la-fiesta-monstruosa-2\/","og_locale":"es_ES","og_type":"article","og_title":"Ressenya del llibre \"La festa monstruosa\"","og_description":"Amb textos de Carles Cano, i edici\u00f3 en catal\u00e0 d&#8217;Animallibres, en valenci\u00e0 de Bromera, i en castell\u00e0 d&#8217;Algar. Gemma Mulet, &#8220;Faristol. Revista del Llibre Infantil i Juvenil\u201d n\u00fam. 75, abril 2013. Consell Catal\u00e0 del Llibre Infantil i Juvenil, Barcelona. &nbsp;","og_url":"https:\/\/www.pacogimenez.com\/resena-del-libro-la-fiesta-monstruosa-2\/","og_site_name":"(Espa\u00f1ol) Paco Gim\u00e9nez","article_published_time":"2013-04-10T11:09:12+00:00","article_modified_time":"2014-07-23T10:58:05+00:00","og_image":[{"width":720,"height":190,"url":"https:\/\/www.pacogimenez.com\/wp-content\/uploads\/fiesta-monstruosa1.jpg","type":"image\/jpeg"}],"author":"admin","twitter_misc":{"Written by":"admin","Est. reading time":"1 minute"},"schema":{"@context":"https:\/\/schema.org","@graph":[{"@type":"Article","@id":"https:\/\/www.pacogimenez.com\/resena-del-libro-la-fiesta-monstruosa-2\/#article","isPartOf":{"@id":"https:\/\/www.pacogimenez.com\/resena-del-libro-la-fiesta-monstruosa-2\/"},"author":{"name":"admin","@id":"https:\/\/www.pacogimenez.com\/#\/schema\/person\/9f329781fb1650669c332dfe4328f75d"},"headline":"Ressenya del llibre &#8220;La festa monstruosa&#8221;","datePublished":"2013-04-10T11:09:12+00:00","dateModified":"2014-07-23T10:58:05+00:00","mainEntityOfPage":{"@id":"https:\/\/www.pacogimenez.com\/resena-del-libro-la-fiesta-monstruosa-2\/"},"wordCount":145,"image":{"@id":"https:\/\/www.pacogimenez.com\/resena-del-libro-la-fiesta-monstruosa-2\/#primaryimage"},"thumbnailUrl":"https:\/\/www.pacogimenez.com\/wp-content\/uploads\/fiesta-monstruosa1.jpg","articleSection":["Noticies"],"inLanguage":"es-CA"},{"@type":"WebPage","@id":"https:\/\/www.pacogimenez.com\/resena-del-libro-la-fiesta-monstruosa-2\/","url":"https:\/\/www.pacogimenez.com\/resena-del-libro-la-fiesta-monstruosa-2\/","name":"Ressenya del llibre \"La festa monstruosa\"","isPartOf":{"@id":"https:\/\/www.pacogimenez.com\/#website"},"primaryImageOfPage":{"@id":"https:\/\/www.pacogimenez.com\/resena-del-libro-la-fiesta-monstruosa-2\/#primaryimage"},"image":{"@id":"https:\/\/www.pacogimenez.com\/resena-del-libro-la-fiesta-monstruosa-2\/#primaryimage"},"thumbnailUrl":"https:\/\/www.pacogimenez.com\/wp-content\/uploads\/fiesta-monstruosa1.jpg","datePublished":"2013-04-10T11:09:12+00:00","dateModified":"2014-07-23T10:58:05+00:00","author":{"@id":"https:\/\/www.pacogimenez.com\/#\/schema\/person\/9f329781fb1650669c332dfe4328f75d"},"inLanguage":"es-CA","potentialAction":[{"@type":"ReadAction","target":["https:\/\/www.pacogimenez.com\/resena-del-libro-la-fiesta-monstruosa-2\/"]}]},{"@type":"ImageObject","inLanguage":"es-CA","@id":"https:\/\/www.pacogimenez.com\/resena-del-libro-la-fiesta-monstruosa-2\/#primaryimage","url":"https:\/\/www.pacogimenez.com\/wp-content\/uploads\/fiesta-monstruosa1.jpg","contentUrl":"https:\/\/www.pacogimenez.com\/wp-content\/uploads\/fiesta-monstruosa1.jpg","width":720,"height":190,"caption":"fiesta-monstruosa"},{"@type":"WebSite","@id":"https:\/\/www.pacogimenez.com\/#website","url":"https:\/\/www.pacogimenez.com\/","name":"(Espa\u00f1ol) Paco Gim\u00e9nez","description":"(Espa\u00f1ol) Paco Gim\u00e9nez","potentialAction":[{"@type":"SearchAction","target":{"@type":"EntryPoint","urlTemplate":"https:\/\/www.pacogimenez.com\/?s={search_term_string}"},"query-input":{"@type":"PropertyValueSpecification","valueRequired":true,"valueName":"search_term_string"}}],"inLanguage":"es-CA"},{"@type":"Person","@id":"https:\/\/www.pacogimenez.com\/#\/schema\/person\/9f329781fb1650669c332dfe4328f75d","name":"admin","image":{"@type":"ImageObject","inLanguage":"es-CA","@id":"https:\/\/secure.gravatar.com\/avatar\/afc8f54b600f7a3b638398e596bd2b57a2d706f374eaa2cc81ea14c9d14f72cc?s=96&d=mm&r=g","url":"https:\/\/secure.gravatar.com\/avatar\/afc8f54b600f7a3b638398e596bd2b57a2d706f374eaa2cc81ea14c9d14f72cc?s=96&d=mm&r=g","contentUrl":"https:\/\/secure.gravatar.com\/avatar\/afc8f54b600f7a3b638398e596bd2b57a2d706f374eaa2cc81ea14c9d14f72cc?s=96&d=mm&r=g","caption":"admin"},"url":"https:\/\/www.pacogimenez.com\/ca\/author\/admin\/"}]}},"_links":{"self":[{"href":"https:\/\/www.pacogimenez.com\/ca\/wp-json\/wp\/v2\/posts\/775","targetHints":{"allow":["GET"]}}],"collection":[{"href":"https:\/\/www.pacogimenez.com\/ca\/wp-json\/wp\/v2\/posts"}],"about":[{"href":"https:\/\/www.pacogimenez.com\/ca\/wp-json\/wp\/v2\/types\/post"}],"author":[{"embeddable":true,"href":"https:\/\/www.pacogimenez.com\/ca\/wp-json\/wp\/v2\/users\/1"}],"replies":[{"embeddable":true,"href":"https:\/\/www.pacogimenez.com\/ca\/wp-json\/wp\/v2\/comments?post=775"}],"version-history":[{"count":5,"href":"https:\/\/www.pacogimenez.com\/ca\/wp-json\/wp\/v2\/posts\/775\/revisions"}],"predecessor-version":[{"id":1101,"href":"https:\/\/www.pacogimenez.com\/ca\/wp-json\/wp\/v2\/posts\/775\/revisions\/1101"}],"wp:featuredmedia":[{"embeddable":true,"href":"https:\/\/www.pacogimenez.com\/ca\/wp-json\/wp\/v2\/media\/1102"}],"wp:attachment":[{"href":"https:\/\/www.pacogimenez.com\/ca\/wp-json\/wp\/v2\/media?parent=775"}],"wp:term":[{"taxonomy":"category","embeddable":true,"href":"https:\/\/www.pacogimenez.com\/ca\/wp-json\/wp\/v2\/categories?post=775"},{"taxonomy":"post_tag","embeddable":true,"href":"https:\/\/www.pacogimenez.com\/ca\/wp-json\/wp\/v2\/tags?post=775"}],"curies":[{"name":"wp","href":"https:\/\/api.w.org\/{rel}","templated":true}]}}