{"id":3933,"date":"2015-06-22T09:23:28","date_gmt":"2015-06-22T07:23:28","guid":{"rendered":"http:\/\/www.pacogimenez.com\/?p=3933"},"modified":"2015-07-07T20:56:48","modified_gmt":"2015-07-07T18:56:48","slug":"la-dona-de-lermita","status":"publish","type":"post","link":"https:\/\/www.pacogimenez.com\/ca\/la-dona-de-lermita\/","title":{"rendered":"&#8220;La dona de l&#8217;ermita&#8221;"},"content":{"rendered":"<p>Portada per a un llibre incl\u00f2s en la <strong>campanya &#8216;Llegir en valenci\u00e0&#8217;<\/strong> organitzada per la Fundaci\u00f3 Bromera amb la col\u00b7laboraci\u00f3 i el suport de nombroses entitats. La d&#8217;enguany \u00e9s ja la desena campanya i sens dubte un dels majors esfor\u00e7os continuats per la promoci\u00f3 de la lectura en valenci\u00e0 realitzat en aquest pa\u00eds. En aquesta ocasi\u00f3, sota el subt\u00edtol de &#8216;paraules d&#8217;amor&#8217; reuneix onze llibres que versen sobre diferents tipus d&#8217;amor. El present, &#8220;La dona de l&#8217;ermita&#8221;, tracta de l&#8217;amor d&#8217;una mare cap al seu beb\u00e8 robat, tan persistent i frustrat que acaba derivant en bogeria. Una hist\u00f2ria crua i bella de Vicent Sanhermelando que eixir\u00e0 a la venda amb el diari Levante el proper dissabte 27 de juny.<\/p>\n<p>Extracte: &#8220;J\u00falia, una xica del Cabanyal, era jove, massa jove. Es va quedar embarassada i ell se\u2019n va anar. Sola, sense el suport de la fam\u00edlia, sense el suport de ning\u00fa, va acceptar l\u2019ajuda per al part que li oferien unes persones estranyament amables. Poc es podia imaginar que li furtarien la criatura acabada de n\u00e0ixer i la donarien a una altra fam\u00edlia. A J\u00falia, la xica del Cabanyal que ara viu a Alboraia, se la veu sovint per l\u2019ermita dels Peixets, com si esperara un nou miracle, potser el retorn del fill perdut.&#8221;<br \/>\n&nbsp;<br \/>\nSaber m\u00e1s sobre la campa\u00f1a en <a title=\"http:\/\/www.llegirenvalencia.org\/\" href=\"http:\/\/www.llegirenvalencia.org\/\" target=\"_blank\">http:\/\/www.llegirenvalencia.org\/<\/a><br \/>\n&nbsp;<br \/>\n&nbsp;<br \/>\n&nbsp;<br \/>\n<a href=\"http:\/\/www.pacogimenez.com\/wp-content\/uploads\/La-dona-de-lermita-Paco-Gimenez-Sanhermelando-Fundacio-Bromera-Llegir-en-valencia-paraules-damor.jpg\"><img loading=\"lazy\" decoding=\"async\" class=\"alignnone size-full wp-image-3935\" alt=\"La dona de l'ermita, portada de Paco Gimenez, text de Vicent Sanhermelando, Fundaci\u00f3 Bromera, campanya 'Llegir en valenci\u00e0, paraules d'amor'\" src=\"http:\/\/www.pacogimenez.com\/wp-content\/uploads\/La-dona-de-lermita-Paco-Gimenez-Sanhermelando-Fundacio-Bromera-Llegir-en-valencia-paraules-damor.jpg\" width=\"761\" height=\"1200\" srcset=\"https:\/\/www.pacogimenez.com\/wp-content\/uploads\/La-dona-de-lermita-Paco-Gimenez-Sanhermelando-Fundacio-Bromera-Llegir-en-valencia-paraules-damor.jpg 761w, https:\/\/www.pacogimenez.com\/wp-content\/uploads\/La-dona-de-lermita-Paco-Gimenez-Sanhermelando-Fundacio-Bromera-Llegir-en-valencia-paraules-damor-190x300.jpg 190w, https:\/\/www.pacogimenez.com\/wp-content\/uploads\/La-dona-de-lermita-Paco-Gimenez-Sanhermelando-Fundacio-Bromera-Llegir-en-valencia-paraules-damor-649x1024.jpg 649w\" sizes=\"auto, (max-width: 761px) 100vw, 761px\" \/><\/a><\/p>","protected":false},"excerpt":{"rendered":"<p>Portada per a un llibre incl\u00f2s en la campanya &#8216;Llegir en valenci\u00e0&#8217; organitzada per la Fundaci\u00f3 Bromera amb la col\u00b7laboraci\u00f3 i el suport de nombroses entitats. La d&#8217;enguany \u00e9s ja la desena campanya i sens dubte un dels majors esfor\u00e7os continuats per la promoci\u00f3 de la lectura en valenci\u00e0 realitzat en aquest pa\u00eds. En aquesta&#8230;<\/p>\n","protected":false},"author":1,"featured_media":3934,"comment_status":"closed","ping_status":"closed","sticky":false,"template":"","format":"standard","meta":{"_monsterinsights_skip_tracking":false,"_monsterinsights_sitenote_active":false,"_monsterinsights_sitenote_note":"","_monsterinsights_sitenote_category":0,"footnotes":""},"categories":[16],"tags":[],"class_list":["post-3933","post","type-post","status-publish","format-standard","has-post-thumbnail","hentry","category-noticias"],"yoast_head":"<!-- This site is optimized with the Yoast SEO plugin v27.2 - https:\/\/yoast.com\/product\/yoast-seo-wordpress\/ -->\n<title>&quot;La dona de l&#039;ermita&quot;<\/title>\n<meta name=\"robots\" content=\"index, follow, max-snippet:-1, max-image-preview:large, max-video-preview:-1\" \/>\n<link rel=\"canonical\" href=\"https:\/\/www.pacogimenez.com\/la-dona-de-lermita\/\" \/>\n<meta property=\"og:locale\" content=\"es_ES\" \/>\n<meta property=\"og:type\" content=\"article\" \/>\n<meta property=\"og:title\" content=\"&quot;La dona de l&#039;ermita&quot;\" \/>\n<meta property=\"og:description\" content=\"Portada per a un llibre incl\u00f2s en la campanya &#8216;Llegir en valenci\u00e0&#8217; organitzada per la Fundaci\u00f3 Bromera amb la col\u00b7laboraci\u00f3 i el suport de nombroses entitats. La d&#8217;enguany \u00e9s ja la desena campanya i sens dubte un dels majors esfor\u00e7os continuats per la promoci\u00f3 de la lectura en valenci\u00e0 realitzat en aquest pa\u00eds. En aquesta...\" \/>\n<meta property=\"og:url\" content=\"https:\/\/www.pacogimenez.com\/la-dona-de-lermita\/\" \/>\n<meta property=\"og:site_name\" content=\"(Espa\u00f1ol) Paco Gim\u00e9nez\" \/>\n<meta property=\"article:published_time\" content=\"2015-06-22T07:23:28+00:00\" \/>\n<meta property=\"article:modified_time\" content=\"2015-07-07T18:56:48+00:00\" \/>\n<meta property=\"og:image\" content=\"https:\/\/www.pacogimenez.com\/wp-content\/uploads\/dest-Dona-de-lermita-Paco-Gimenez-Fundacio-Bromera.jpg\" \/>\n\t<meta property=\"og:image:width\" content=\"720\" \/>\n\t<meta property=\"og:image:height\" content=\"143\" \/>\n\t<meta property=\"og:image:type\" content=\"image\/jpeg\" \/>\n<meta name=\"author\" content=\"admin\" \/>\n<meta name=\"twitter:label1\" content=\"Written by\" \/>\n\t<meta name=\"twitter:data1\" content=\"admin\" \/>\n\t<meta name=\"twitter:label2\" content=\"Est. reading time\" \/>\n\t<meta name=\"twitter:data2\" content=\"4 minutes\" \/>\n<script type=\"application\/ld+json\" class=\"yoast-schema-graph\">{\"@context\":\"https:\/\/schema.org\",\"@graph\":[{\"@type\":\"Article\",\"@id\":\"https:\/\/www.pacogimenez.com\/la-dona-de-lermita\/#article\",\"isPartOf\":{\"@id\":\"https:\/\/www.pacogimenez.com\/la-dona-de-lermita\/\"},\"author\":{\"name\":\"admin\",\"@id\":\"https:\/\/www.pacogimenez.com\/#\/schema\/person\/9f329781fb1650669c332dfe4328f75d\"},\"headline\":\"&#8220;La dona de l&#8217;ermita&#8221;\",\"datePublished\":\"2015-06-22T07:23:28+00:00\",\"dateModified\":\"2015-07-07T18:56:48+00:00\",\"mainEntityOfPage\":{\"@id\":\"https:\/\/www.pacogimenez.com\/la-dona-de-lermita\/\"},\"wordCount\":761,\"image\":{\"@id\":\"https:\/\/www.pacogimenez.com\/la-dona-de-lermita\/#primaryimage\"},\"thumbnailUrl\":\"https:\/\/www.pacogimenez.com\/wp-content\/uploads\/dest-Dona-de-lermita-Paco-Gimenez-Fundacio-Bromera.jpg\",\"articleSection\":[\"Noticies\"],\"inLanguage\":\"es-CA\"},{\"@type\":\"WebPage\",\"@id\":\"https:\/\/www.pacogimenez.com\/la-dona-de-lermita\/\",\"url\":\"https:\/\/www.pacogimenez.com\/la-dona-de-lermita\/\",\"name\":\"\\\"La dona de l'ermita\\\"\",\"isPartOf\":{\"@id\":\"https:\/\/www.pacogimenez.com\/#website\"},\"primaryImageOfPage\":{\"@id\":\"https:\/\/www.pacogimenez.com\/la-dona-de-lermita\/#primaryimage\"},\"image\":{\"@id\":\"https:\/\/www.pacogimenez.com\/la-dona-de-lermita\/#primaryimage\"},\"thumbnailUrl\":\"https:\/\/www.pacogimenez.com\/wp-content\/uploads\/dest-Dona-de-lermita-Paco-Gimenez-Fundacio-Bromera.jpg\",\"datePublished\":\"2015-06-22T07:23:28+00:00\",\"dateModified\":\"2015-07-07T18:56:48+00:00\",\"author\":{\"@id\":\"https:\/\/www.pacogimenez.com\/#\/schema\/person\/9f329781fb1650669c332dfe4328f75d\"},\"inLanguage\":\"es-CA\",\"potentialAction\":[{\"@type\":\"ReadAction\",\"target\":[\"https:\/\/www.pacogimenez.com\/la-dona-de-lermita\/\"]}]},{\"@type\":\"ImageObject\",\"inLanguage\":\"es-CA\",\"@id\":\"https:\/\/www.pacogimenez.com\/la-dona-de-lermita\/#primaryimage\",\"url\":\"https:\/\/www.pacogimenez.com\/wp-content\/uploads\/dest-Dona-de-lermita-Paco-Gimenez-Fundacio-Bromera.jpg\",\"contentUrl\":\"https:\/\/www.pacogimenez.com\/wp-content\/uploads\/dest-Dona-de-lermita-Paco-Gimenez-Fundacio-Bromera.jpg\",\"width\":720,\"height\":143,\"caption\":\"La dona de l'ermita, Paco Gimenez, text de Vicent Sanhermelando, Fundaci\u00f3 Bromera, campanya 'Llegir en valenci\u00e0, paraules d'amor'\"},{\"@type\":\"WebSite\",\"@id\":\"https:\/\/www.pacogimenez.com\/#website\",\"url\":\"https:\/\/www.pacogimenez.com\/\",\"name\":\"(Espa\u00f1ol) Paco Gim\u00e9nez\",\"description\":\"(Espa\u00f1ol) Paco Gim\u00e9nez\",\"potentialAction\":[{\"@type\":\"SearchAction\",\"target\":{\"@type\":\"EntryPoint\",\"urlTemplate\":\"https:\/\/www.pacogimenez.com\/?s={search_term_string}\"},\"query-input\":{\"@type\":\"PropertyValueSpecification\",\"valueRequired\":true,\"valueName\":\"search_term_string\"}}],\"inLanguage\":\"es-CA\"},{\"@type\":\"Person\",\"@id\":\"https:\/\/www.pacogimenez.com\/#\/schema\/person\/9f329781fb1650669c332dfe4328f75d\",\"name\":\"admin\",\"image\":{\"@type\":\"ImageObject\",\"inLanguage\":\"es-CA\",\"@id\":\"https:\/\/secure.gravatar.com\/avatar\/afc8f54b600f7a3b638398e596bd2b57a2d706f374eaa2cc81ea14c9d14f72cc?s=96&d=mm&r=g\",\"url\":\"https:\/\/secure.gravatar.com\/avatar\/afc8f54b600f7a3b638398e596bd2b57a2d706f374eaa2cc81ea14c9d14f72cc?s=96&d=mm&r=g\",\"contentUrl\":\"https:\/\/secure.gravatar.com\/avatar\/afc8f54b600f7a3b638398e596bd2b57a2d706f374eaa2cc81ea14c9d14f72cc?s=96&d=mm&r=g\",\"caption\":\"admin\"},\"url\":\"https:\/\/www.pacogimenez.com\/ca\/author\/admin\/\"}]}<\/script>\n<!-- \/ Yoast SEO plugin. -->","yoast_head_json":{"title":"\"La dona de l'ermita\"","robots":{"index":"index","follow":"follow","max-snippet":"max-snippet:-1","max-image-preview":"max-image-preview:large","max-video-preview":"max-video-preview:-1"},"canonical":"https:\/\/www.pacogimenez.com\/la-dona-de-lermita\/","og_locale":"es_ES","og_type":"article","og_title":"\"La dona de l'ermita\"","og_description":"Portada per a un llibre incl\u00f2s en la campanya &#8216;Llegir en valenci\u00e0&#8217; organitzada per la Fundaci\u00f3 Bromera amb la col\u00b7laboraci\u00f3 i el suport de nombroses entitats. La d&#8217;enguany \u00e9s ja la desena campanya i sens dubte un dels majors esfor\u00e7os continuats per la promoci\u00f3 de la lectura en valenci\u00e0 realitzat en aquest pa\u00eds. En aquesta...","og_url":"https:\/\/www.pacogimenez.com\/la-dona-de-lermita\/","og_site_name":"(Espa\u00f1ol) Paco Gim\u00e9nez","article_published_time":"2015-06-22T07:23:28+00:00","article_modified_time":"2015-07-07T18:56:48+00:00","og_image":[{"width":720,"height":143,"url":"https:\/\/www.pacogimenez.com\/wp-content\/uploads\/dest-Dona-de-lermita-Paco-Gimenez-Fundacio-Bromera.jpg","type":"image\/jpeg"}],"author":"admin","twitter_misc":{"Written by":"admin","Est. reading time":"4 minutes"},"schema":{"@context":"https:\/\/schema.org","@graph":[{"@type":"Article","@id":"https:\/\/www.pacogimenez.com\/la-dona-de-lermita\/#article","isPartOf":{"@id":"https:\/\/www.pacogimenez.com\/la-dona-de-lermita\/"},"author":{"name":"admin","@id":"https:\/\/www.pacogimenez.com\/#\/schema\/person\/9f329781fb1650669c332dfe4328f75d"},"headline":"&#8220;La dona de l&#8217;ermita&#8221;","datePublished":"2015-06-22T07:23:28+00:00","dateModified":"2015-07-07T18:56:48+00:00","mainEntityOfPage":{"@id":"https:\/\/www.pacogimenez.com\/la-dona-de-lermita\/"},"wordCount":761,"image":{"@id":"https:\/\/www.pacogimenez.com\/la-dona-de-lermita\/#primaryimage"},"thumbnailUrl":"https:\/\/www.pacogimenez.com\/wp-content\/uploads\/dest-Dona-de-lermita-Paco-Gimenez-Fundacio-Bromera.jpg","articleSection":["Noticies"],"inLanguage":"es-CA"},{"@type":"WebPage","@id":"https:\/\/www.pacogimenez.com\/la-dona-de-lermita\/","url":"https:\/\/www.pacogimenez.com\/la-dona-de-lermita\/","name":"\"La dona de l'ermita\"","isPartOf":{"@id":"https:\/\/www.pacogimenez.com\/#website"},"primaryImageOfPage":{"@id":"https:\/\/www.pacogimenez.com\/la-dona-de-lermita\/#primaryimage"},"image":{"@id":"https:\/\/www.pacogimenez.com\/la-dona-de-lermita\/#primaryimage"},"thumbnailUrl":"https:\/\/www.pacogimenez.com\/wp-content\/uploads\/dest-Dona-de-lermita-Paco-Gimenez-Fundacio-Bromera.jpg","datePublished":"2015-06-22T07:23:28+00:00","dateModified":"2015-07-07T18:56:48+00:00","author":{"@id":"https:\/\/www.pacogimenez.com\/#\/schema\/person\/9f329781fb1650669c332dfe4328f75d"},"inLanguage":"es-CA","potentialAction":[{"@type":"ReadAction","target":["https:\/\/www.pacogimenez.com\/la-dona-de-lermita\/"]}]},{"@type":"ImageObject","inLanguage":"es-CA","@id":"https:\/\/www.pacogimenez.com\/la-dona-de-lermita\/#primaryimage","url":"https:\/\/www.pacogimenez.com\/wp-content\/uploads\/dest-Dona-de-lermita-Paco-Gimenez-Fundacio-Bromera.jpg","contentUrl":"https:\/\/www.pacogimenez.com\/wp-content\/uploads\/dest-Dona-de-lermita-Paco-Gimenez-Fundacio-Bromera.jpg","width":720,"height":143,"caption":"La dona de l'ermita, Paco Gimenez, text de Vicent Sanhermelando, Fundaci\u00f3 Bromera, campanya 'Llegir en valenci\u00e0, paraules d'amor'"},{"@type":"WebSite","@id":"https:\/\/www.pacogimenez.com\/#website","url":"https:\/\/www.pacogimenez.com\/","name":"(Espa\u00f1ol) Paco Gim\u00e9nez","description":"(Espa\u00f1ol) Paco Gim\u00e9nez","potentialAction":[{"@type":"SearchAction","target":{"@type":"EntryPoint","urlTemplate":"https:\/\/www.pacogimenez.com\/?s={search_term_string}"},"query-input":{"@type":"PropertyValueSpecification","valueRequired":true,"valueName":"search_term_string"}}],"inLanguage":"es-CA"},{"@type":"Person","@id":"https:\/\/www.pacogimenez.com\/#\/schema\/person\/9f329781fb1650669c332dfe4328f75d","name":"admin","image":{"@type":"ImageObject","inLanguage":"es-CA","@id":"https:\/\/secure.gravatar.com\/avatar\/afc8f54b600f7a3b638398e596bd2b57a2d706f374eaa2cc81ea14c9d14f72cc?s=96&d=mm&r=g","url":"https:\/\/secure.gravatar.com\/avatar\/afc8f54b600f7a3b638398e596bd2b57a2d706f374eaa2cc81ea14c9d14f72cc?s=96&d=mm&r=g","contentUrl":"https:\/\/secure.gravatar.com\/avatar\/afc8f54b600f7a3b638398e596bd2b57a2d706f374eaa2cc81ea14c9d14f72cc?s=96&d=mm&r=g","caption":"admin"},"url":"https:\/\/www.pacogimenez.com\/ca\/author\/admin\/"}]}},"_links":{"self":[{"href":"https:\/\/www.pacogimenez.com\/ca\/wp-json\/wp\/v2\/posts\/3933","targetHints":{"allow":["GET"]}}],"collection":[{"href":"https:\/\/www.pacogimenez.com\/ca\/wp-json\/wp\/v2\/posts"}],"about":[{"href":"https:\/\/www.pacogimenez.com\/ca\/wp-json\/wp\/v2\/types\/post"}],"author":[{"embeddable":true,"href":"https:\/\/www.pacogimenez.com\/ca\/wp-json\/wp\/v2\/users\/1"}],"replies":[{"embeddable":true,"href":"https:\/\/www.pacogimenez.com\/ca\/wp-json\/wp\/v2\/comments?post=3933"}],"version-history":[{"count":17,"href":"https:\/\/www.pacogimenez.com\/ca\/wp-json\/wp\/v2\/posts\/3933\/revisions"}],"predecessor-version":[{"id":3937,"href":"https:\/\/www.pacogimenez.com\/ca\/wp-json\/wp\/v2\/posts\/3933\/revisions\/3937"}],"wp:featuredmedia":[{"embeddable":true,"href":"https:\/\/www.pacogimenez.com\/ca\/wp-json\/wp\/v2\/media\/3934"}],"wp:attachment":[{"href":"https:\/\/www.pacogimenez.com\/ca\/wp-json\/wp\/v2\/media?parent=3933"}],"wp:term":[{"taxonomy":"category","embeddable":true,"href":"https:\/\/www.pacogimenez.com\/ca\/wp-json\/wp\/v2\/categories?post=3933"},{"taxonomy":"post_tag","embeddable":true,"href":"https:\/\/www.pacogimenez.com\/ca\/wp-json\/wp\/v2\/tags?post=3933"}],"curies":[{"name":"wp","href":"https:\/\/api.w.org\/{rel}","templated":true}]}}