{"id":2320,"date":"2012-02-06T13:33:43","date_gmt":"2012-02-06T07:33:43","guid":{"rendered":"http:\/\/www.pacogimenez.com\/?p=2320"},"modified":"2014-09-23T17:37:25","modified_gmt":"2014-09-23T11:37:25","slug":"el-viaje-del-polizon-beneficio-de-aspanion","status":"publish","type":"post","link":"https:\/\/www.pacogimenez.com\/ca\/el-viaje-del-polizon-beneficio-de-aspanion\/","title":{"rendered":"&#8220;El viaje del poliz\u00f3n&#8221; a benefici d&#8217;ASPANION"},"content":{"rendered":"<p>Presentaci\u00f3 del llibre &#8220;El viaje del poliz\u00f3n&#8221;,  benefici de l&#8217;Associaci\u00f3 de Pares de Xiquets amb C\u00e0ncer de la Comunitat Valenciana (ASPANION).<br \/>\nUn llibre de relats curts de 25 escriptors i il\u00b7lustrats per 25 professionals de prestigi reunits per una bona causa. Entre els participants es troben creadors com Joan Manuel Gisbert, Jordi Serra i Fabra, Laura Gallego&#8230; Jes\u00fas Gab\u00e1n, Miguel \u00c1ngel D\u00edez&#8230; Editat per Mundos \u00c9picos Grupo Editorial. M\u00e1laga, 2012<\/p>\n<p>Presentaci\u00f3 a Val\u00e8ncia, el <strong>11 de febrer, a les 19 h<\/strong> en la Llibreria Leo, C\/ Rinconada Federico Garc\u00eda, 1<br \/>\nPr\u00f2ximament a Madrid, el 17 mar\u00e7, a las 17 h en la Fnac Callao, C\/ Preciados, 28<br \/>\n&nbsp;<\/p>\n<p>El meu dibuix acompanya un text de Carles Cano, ficci\u00f3 sobre el presoner Miguel Hern\u00e1ndez imaginant-se amb el seu fill.<br \/>\n&nbsp;<br \/>\n<a href=\"http:\/\/www.pacogimenez.com\/wp-content\/uploads\/EL-CARRO-cuento-de-Carles-Cano-sobre-el-prisionero-Miguel-Hernandez-pensando-en-su-hijo-Ilustracion-de-Paco-Gimenez.jpg\"><img loading=\"lazy\" decoding=\"async\" src=\"http:\/\/www.pacogimenez.com\/wp-content\/uploads\/EL-CARRO-cuento-de-Carles-Cano-sobre-el-prisionero-Miguel-Hernandez-pensando-en-su-hijo-Ilustracion-de-Paco-Gimenez.jpg\" alt=\"EL CARRO, Carles Cano, Miguel Hern\u00e1ndez, Paco Gim\u00e9nez, Aspanion\" width=\"1200\" height=\"1707\" class=\"alignnone size-full wp-image-2323\" srcset=\"https:\/\/www.pacogimenez.com\/wp-content\/uploads\/EL-CARRO-cuento-de-Carles-Cano-sobre-el-prisionero-Miguel-Hernandez-pensando-en-su-hijo-Ilustracion-de-Paco-Gimenez.jpg 1200w, https:\/\/www.pacogimenez.com\/wp-content\/uploads\/EL-CARRO-cuento-de-Carles-Cano-sobre-el-prisionero-Miguel-Hernandez-pensando-en-su-hijo-Ilustracion-de-Paco-Gimenez-210x300.jpg 210w, https:\/\/www.pacogimenez.com\/wp-content\/uploads\/EL-CARRO-cuento-de-Carles-Cano-sobre-el-prisionero-Miguel-Hernandez-pensando-en-su-hijo-Ilustracion-de-Paco-Gimenez-719x1024.jpg 719w\" sizes=\"auto, (max-width: 1200px) 100vw, 1200px\" \/><\/a><\/p>","protected":false},"excerpt":{"rendered":"<p>Presentaci\u00f3 del llibre &#8220;El viaje del poliz\u00f3n&#8221;, benefici de l&#8217;Associaci\u00f3 de Pares de Xiquets amb C\u00e0ncer de la Comunitat Valenciana (ASPANION). Un llibre de relats curts de 25 escriptors i il\u00b7lustrats per 25 professionals de prestigi reunits per una bona causa. Entre els participants es troben creadors com Joan Manuel Gisbert, Jordi Serra i Fabra,&#8230;<\/p>\n","protected":false},"author":1,"featured_media":2324,"comment_status":"closed","ping_status":"closed","sticky":false,"template":"","format":"standard","meta":{"_monsterinsights_skip_tracking":false,"_monsterinsights_sitenote_active":false,"_monsterinsights_sitenote_note":"","_monsterinsights_sitenote_category":0,"footnotes":""},"categories":[16],"tags":[],"class_list":["post-2320","post","type-post","status-publish","format-standard","has-post-thumbnail","hentry","category-noticias"],"yoast_head":"<!-- This site is optimized with the Yoast SEO plugin v27.2 - https:\/\/yoast.com\/product\/yoast-seo-wordpress\/ -->\n<title>&quot;El viaje del poliz\u00f3n&quot; a benefici d&#039;ASPANION<\/title>\n<meta name=\"robots\" content=\"index, follow, max-snippet:-1, max-image-preview:large, max-video-preview:-1\" \/>\n<link rel=\"canonical\" href=\"https:\/\/www.pacogimenez.com\/el-viaje-del-polizon-beneficio-de-aspanion\/\" \/>\n<meta property=\"og:locale\" content=\"es_ES\" \/>\n<meta property=\"og:type\" content=\"article\" \/>\n<meta property=\"og:title\" content=\"&quot;El viaje del poliz\u00f3n&quot; a benefici d&#039;ASPANION\" \/>\n<meta property=\"og:description\" content=\"Presentaci\u00f3 del llibre &#8220;El viaje del poliz\u00f3n&#8221;, benefici de l&#8217;Associaci\u00f3 de Pares de Xiquets amb C\u00e0ncer de la Comunitat Valenciana (ASPANION). Un llibre de relats curts de 25 escriptors i il\u00b7lustrats per 25 professionals de prestigi reunits per una bona causa. Entre els participants es troben creadors com Joan Manuel Gisbert, Jordi Serra i Fabra,...\" \/>\n<meta property=\"og:url\" content=\"https:\/\/www.pacogimenez.com\/el-viaje-del-polizon-beneficio-de-aspanion\/\" \/>\n<meta property=\"og:site_name\" content=\"(Espa\u00f1ol) Paco Gim\u00e9nez\" \/>\n<meta property=\"article:published_time\" content=\"2012-02-06T07:33:43+00:00\" \/>\n<meta property=\"article:modified_time\" content=\"2014-09-23T11:37:25+00:00\" \/>\n<meta property=\"og:image\" content=\"https:\/\/www.pacogimenez.com\/wp-content\/uploads\/dest-miguel-hernadez-paco-gimenez.jpg\" \/>\n\t<meta property=\"og:image:width\" content=\"720\" \/>\n\t<meta property=\"og:image:height\" content=\"190\" \/>\n\t<meta property=\"og:image:type\" content=\"image\/jpeg\" \/>\n<meta name=\"author\" content=\"admin\" \/>\n<meta name=\"twitter:label1\" content=\"Written by\" \/>\n\t<meta name=\"twitter:data1\" content=\"admin\" \/>\n\t<meta name=\"twitter:label2\" content=\"Est. reading time\" \/>\n\t<meta name=\"twitter:data2\" content=\"2 minutes\" \/>\n<script type=\"application\/ld+json\" class=\"yoast-schema-graph\">{\"@context\":\"https:\/\/schema.org\",\"@graph\":[{\"@type\":\"Article\",\"@id\":\"https:\/\/www.pacogimenez.com\/el-viaje-del-polizon-beneficio-de-aspanion\/#article\",\"isPartOf\":{\"@id\":\"https:\/\/www.pacogimenez.com\/el-viaje-del-polizon-beneficio-de-aspanion\/\"},\"author\":{\"name\":\"admin\",\"@id\":\"https:\/\/www.pacogimenez.com\/#\/schema\/person\/9f329781fb1650669c332dfe4328f75d\"},\"headline\":\"&#8220;El viaje del poliz\u00f3n&#8221; a benefici d&#8217;ASPANION\",\"datePublished\":\"2012-02-06T07:33:43+00:00\",\"dateModified\":\"2014-09-23T11:37:25+00:00\",\"mainEntityOfPage\":{\"@id\":\"https:\/\/www.pacogimenez.com\/el-viaje-del-polizon-beneficio-de-aspanion\/\"},\"wordCount\":431,\"image\":{\"@id\":\"https:\/\/www.pacogimenez.com\/el-viaje-del-polizon-beneficio-de-aspanion\/#primaryimage\"},\"thumbnailUrl\":\"https:\/\/www.pacogimenez.com\/wp-content\/uploads\/dest-miguel-hernadez-paco-gimenez.jpg\",\"articleSection\":[\"Noticies\"],\"inLanguage\":\"es-CA\"},{\"@type\":\"WebPage\",\"@id\":\"https:\/\/www.pacogimenez.com\/el-viaje-del-polizon-beneficio-de-aspanion\/\",\"url\":\"https:\/\/www.pacogimenez.com\/el-viaje-del-polizon-beneficio-de-aspanion\/\",\"name\":\"\\\"El viaje del poliz\u00f3n\\\" a benefici d'ASPANION\",\"isPartOf\":{\"@id\":\"https:\/\/www.pacogimenez.com\/#website\"},\"primaryImageOfPage\":{\"@id\":\"https:\/\/www.pacogimenez.com\/el-viaje-del-polizon-beneficio-de-aspanion\/#primaryimage\"},\"image\":{\"@id\":\"https:\/\/www.pacogimenez.com\/el-viaje-del-polizon-beneficio-de-aspanion\/#primaryimage\"},\"thumbnailUrl\":\"https:\/\/www.pacogimenez.com\/wp-content\/uploads\/dest-miguel-hernadez-paco-gimenez.jpg\",\"datePublished\":\"2012-02-06T07:33:43+00:00\",\"dateModified\":\"2014-09-23T11:37:25+00:00\",\"author\":{\"@id\":\"https:\/\/www.pacogimenez.com\/#\/schema\/person\/9f329781fb1650669c332dfe4328f75d\"},\"inLanguage\":\"es-CA\",\"potentialAction\":[{\"@type\":\"ReadAction\",\"target\":[\"https:\/\/www.pacogimenez.com\/el-viaje-del-polizon-beneficio-de-aspanion\/\"]}]},{\"@type\":\"ImageObject\",\"inLanguage\":\"es-CA\",\"@id\":\"https:\/\/www.pacogimenez.com\/el-viaje-del-polizon-beneficio-de-aspanion\/#primaryimage\",\"url\":\"https:\/\/www.pacogimenez.com\/wp-content\/uploads\/dest-miguel-hernadez-paco-gimenez.jpg\",\"contentUrl\":\"https:\/\/www.pacogimenez.com\/wp-content\/uploads\/dest-miguel-hernadez-paco-gimenez.jpg\",\"width\":720,\"height\":190,\"caption\":\"dest - miguel hern\u00e1dez, por paco gim\u00e9nez\"},{\"@type\":\"WebSite\",\"@id\":\"https:\/\/www.pacogimenez.com\/#website\",\"url\":\"https:\/\/www.pacogimenez.com\/\",\"name\":\"(Espa\u00f1ol) Paco Gim\u00e9nez\",\"description\":\"(Espa\u00f1ol) Paco Gim\u00e9nez\",\"potentialAction\":[{\"@type\":\"SearchAction\",\"target\":{\"@type\":\"EntryPoint\",\"urlTemplate\":\"https:\/\/www.pacogimenez.com\/?s={search_term_string}\"},\"query-input\":{\"@type\":\"PropertyValueSpecification\",\"valueRequired\":true,\"valueName\":\"search_term_string\"}}],\"inLanguage\":\"es-CA\"},{\"@type\":\"Person\",\"@id\":\"https:\/\/www.pacogimenez.com\/#\/schema\/person\/9f329781fb1650669c332dfe4328f75d\",\"name\":\"admin\",\"image\":{\"@type\":\"ImageObject\",\"inLanguage\":\"es-CA\",\"@id\":\"https:\/\/secure.gravatar.com\/avatar\/afc8f54b600f7a3b638398e596bd2b57a2d706f374eaa2cc81ea14c9d14f72cc?s=96&d=mm&r=g\",\"url\":\"https:\/\/secure.gravatar.com\/avatar\/afc8f54b600f7a3b638398e596bd2b57a2d706f374eaa2cc81ea14c9d14f72cc?s=96&d=mm&r=g\",\"contentUrl\":\"https:\/\/secure.gravatar.com\/avatar\/afc8f54b600f7a3b638398e596bd2b57a2d706f374eaa2cc81ea14c9d14f72cc?s=96&d=mm&r=g\",\"caption\":\"admin\"},\"url\":\"https:\/\/www.pacogimenez.com\/ca\/author\/admin\/\"}]}<\/script>\n<!-- \/ Yoast SEO plugin. -->","yoast_head_json":{"title":"\"El viaje del poliz\u00f3n\" a benefici d'ASPANION","robots":{"index":"index","follow":"follow","max-snippet":"max-snippet:-1","max-image-preview":"max-image-preview:large","max-video-preview":"max-video-preview:-1"},"canonical":"https:\/\/www.pacogimenez.com\/el-viaje-del-polizon-beneficio-de-aspanion\/","og_locale":"es_ES","og_type":"article","og_title":"\"El viaje del poliz\u00f3n\" a benefici d'ASPANION","og_description":"Presentaci\u00f3 del llibre &#8220;El viaje del poliz\u00f3n&#8221;, benefici de l&#8217;Associaci\u00f3 de Pares de Xiquets amb C\u00e0ncer de la Comunitat Valenciana (ASPANION). Un llibre de relats curts de 25 escriptors i il\u00b7lustrats per 25 professionals de prestigi reunits per una bona causa. Entre els participants es troben creadors com Joan Manuel Gisbert, Jordi Serra i Fabra,...","og_url":"https:\/\/www.pacogimenez.com\/el-viaje-del-polizon-beneficio-de-aspanion\/","og_site_name":"(Espa\u00f1ol) Paco Gim\u00e9nez","article_published_time":"2012-02-06T07:33:43+00:00","article_modified_time":"2014-09-23T11:37:25+00:00","og_image":[{"width":720,"height":190,"url":"https:\/\/www.pacogimenez.com\/wp-content\/uploads\/dest-miguel-hernadez-paco-gimenez.jpg","type":"image\/jpeg"}],"author":"admin","twitter_misc":{"Written by":"admin","Est. reading time":"2 minutes"},"schema":{"@context":"https:\/\/schema.org","@graph":[{"@type":"Article","@id":"https:\/\/www.pacogimenez.com\/el-viaje-del-polizon-beneficio-de-aspanion\/#article","isPartOf":{"@id":"https:\/\/www.pacogimenez.com\/el-viaje-del-polizon-beneficio-de-aspanion\/"},"author":{"name":"admin","@id":"https:\/\/www.pacogimenez.com\/#\/schema\/person\/9f329781fb1650669c332dfe4328f75d"},"headline":"&#8220;El viaje del poliz\u00f3n&#8221; a benefici d&#8217;ASPANION","datePublished":"2012-02-06T07:33:43+00:00","dateModified":"2014-09-23T11:37:25+00:00","mainEntityOfPage":{"@id":"https:\/\/www.pacogimenez.com\/el-viaje-del-polizon-beneficio-de-aspanion\/"},"wordCount":431,"image":{"@id":"https:\/\/www.pacogimenez.com\/el-viaje-del-polizon-beneficio-de-aspanion\/#primaryimage"},"thumbnailUrl":"https:\/\/www.pacogimenez.com\/wp-content\/uploads\/dest-miguel-hernadez-paco-gimenez.jpg","articleSection":["Noticies"],"inLanguage":"es-CA"},{"@type":"WebPage","@id":"https:\/\/www.pacogimenez.com\/el-viaje-del-polizon-beneficio-de-aspanion\/","url":"https:\/\/www.pacogimenez.com\/el-viaje-del-polizon-beneficio-de-aspanion\/","name":"\"El viaje del poliz\u00f3n\" a benefici d'ASPANION","isPartOf":{"@id":"https:\/\/www.pacogimenez.com\/#website"},"primaryImageOfPage":{"@id":"https:\/\/www.pacogimenez.com\/el-viaje-del-polizon-beneficio-de-aspanion\/#primaryimage"},"image":{"@id":"https:\/\/www.pacogimenez.com\/el-viaje-del-polizon-beneficio-de-aspanion\/#primaryimage"},"thumbnailUrl":"https:\/\/www.pacogimenez.com\/wp-content\/uploads\/dest-miguel-hernadez-paco-gimenez.jpg","datePublished":"2012-02-06T07:33:43+00:00","dateModified":"2014-09-23T11:37:25+00:00","author":{"@id":"https:\/\/www.pacogimenez.com\/#\/schema\/person\/9f329781fb1650669c332dfe4328f75d"},"inLanguage":"es-CA","potentialAction":[{"@type":"ReadAction","target":["https:\/\/www.pacogimenez.com\/el-viaje-del-polizon-beneficio-de-aspanion\/"]}]},{"@type":"ImageObject","inLanguage":"es-CA","@id":"https:\/\/www.pacogimenez.com\/el-viaje-del-polizon-beneficio-de-aspanion\/#primaryimage","url":"https:\/\/www.pacogimenez.com\/wp-content\/uploads\/dest-miguel-hernadez-paco-gimenez.jpg","contentUrl":"https:\/\/www.pacogimenez.com\/wp-content\/uploads\/dest-miguel-hernadez-paco-gimenez.jpg","width":720,"height":190,"caption":"dest - miguel hern\u00e1dez, por paco gim\u00e9nez"},{"@type":"WebSite","@id":"https:\/\/www.pacogimenez.com\/#website","url":"https:\/\/www.pacogimenez.com\/","name":"(Espa\u00f1ol) Paco Gim\u00e9nez","description":"(Espa\u00f1ol) Paco Gim\u00e9nez","potentialAction":[{"@type":"SearchAction","target":{"@type":"EntryPoint","urlTemplate":"https:\/\/www.pacogimenez.com\/?s={search_term_string}"},"query-input":{"@type":"PropertyValueSpecification","valueRequired":true,"valueName":"search_term_string"}}],"inLanguage":"es-CA"},{"@type":"Person","@id":"https:\/\/www.pacogimenez.com\/#\/schema\/person\/9f329781fb1650669c332dfe4328f75d","name":"admin","image":{"@type":"ImageObject","inLanguage":"es-CA","@id":"https:\/\/secure.gravatar.com\/avatar\/afc8f54b600f7a3b638398e596bd2b57a2d706f374eaa2cc81ea14c9d14f72cc?s=96&d=mm&r=g","url":"https:\/\/secure.gravatar.com\/avatar\/afc8f54b600f7a3b638398e596bd2b57a2d706f374eaa2cc81ea14c9d14f72cc?s=96&d=mm&r=g","contentUrl":"https:\/\/secure.gravatar.com\/avatar\/afc8f54b600f7a3b638398e596bd2b57a2d706f374eaa2cc81ea14c9d14f72cc?s=96&d=mm&r=g","caption":"admin"},"url":"https:\/\/www.pacogimenez.com\/ca\/author\/admin\/"}]}},"_links":{"self":[{"href":"https:\/\/www.pacogimenez.com\/ca\/wp-json\/wp\/v2\/posts\/2320","targetHints":{"allow":["GET"]}}],"collection":[{"href":"https:\/\/www.pacogimenez.com\/ca\/wp-json\/wp\/v2\/posts"}],"about":[{"href":"https:\/\/www.pacogimenez.com\/ca\/wp-json\/wp\/v2\/types\/post"}],"author":[{"embeddable":true,"href":"https:\/\/www.pacogimenez.com\/ca\/wp-json\/wp\/v2\/users\/1"}],"replies":[{"embeddable":true,"href":"https:\/\/www.pacogimenez.com\/ca\/wp-json\/wp\/v2\/comments?post=2320"}],"version-history":[{"count":6,"href":"https:\/\/www.pacogimenez.com\/ca\/wp-json\/wp\/v2\/posts\/2320\/revisions"}],"predecessor-version":[{"id":3382,"href":"https:\/\/www.pacogimenez.com\/ca\/wp-json\/wp\/v2\/posts\/2320\/revisions\/3382"}],"wp:featuredmedia":[{"embeddable":true,"href":"https:\/\/www.pacogimenez.com\/ca\/wp-json\/wp\/v2\/media\/2324"}],"wp:attachment":[{"href":"https:\/\/www.pacogimenez.com\/ca\/wp-json\/wp\/v2\/media?parent=2320"}],"wp:term":[{"taxonomy":"category","embeddable":true,"href":"https:\/\/www.pacogimenez.com\/ca\/wp-json\/wp\/v2\/categories?post=2320"},{"taxonomy":"post_tag","embeddable":true,"href":"https:\/\/www.pacogimenez.com\/ca\/wp-json\/wp\/v2\/tags?post=2320"}],"curies":[{"name":"wp","href":"https:\/\/api.w.org\/{rel}","templated":true}]}}