{"id":1155,"date":"2014-05-10T22:57:28","date_gmt":"2014-05-10T16:57:28","guid":{"rendered":"http:\/\/www.pacogimenez.com\/?p=1155"},"modified":"2014-09-23T14:15:42","modified_gmt":"2014-09-23T08:15:42","slug":"video-presentacion-de-qui-la-rima-lendevina-en-la-feria-del-libro","status":"publish","type":"post","link":"https:\/\/www.pacogimenez.com\/ca\/video-presentacion-de-qui-la-rima-lendevina-en-la-feria-del-libro\/","title":{"rendered":"V\u00eddeo presentaci\u00f3 de &#8220;Qui la rima l&#8217;endevina&#8221; en la Fira del Llibre de Val\u00e8ncia"},"content":{"rendered":"<p>En el marc de la 49a edici\u00f3 de la Fira del Llibre de Val\u00e8ncia, Manolo Gil entrevista a M\u00aa Dolors Pellicer i a Paco Gim\u00e9nez amb motiu de la publicaci\u00f3 d&#8217;un altre dels seus llibres.<br \/>\n\u00a9 <em>Gremi de Llibres de Val\u00e8ncia<\/em>, producci\u00f3 Altriam Media &amp; Eventes, periodista Manolo Gil<br \/>\n&nbsp;<\/p>\n<p><iframe loading=\"lazy\" src=\"\/\/www.youtube.com\/embed\/5D6qzpgx4CE\" height=\"360\" width=\"640\" allowfullscreen=\"\" frameborder=\"0\"><\/iframe><br \/>\n&nbsp;<\/p>","protected":false},"excerpt":{"rendered":"<p>En el marc de la 49a edici\u00f3 de la Fira del Llibre de Val\u00e8ncia, Manolo Gil entrevista a M\u00aa Dolors Pellicer i a Paco Gim\u00e9nez amb motiu de la publicaci\u00f3 d&#8217;un altre dels seus llibres. \u00a9 Gremi de Llibres de Val\u00e8ncia, producci\u00f3 Altriam Media &amp; Eventes, periodista Manolo Gil &nbsp; &nbsp;<\/p>\n","protected":false},"author":1,"featured_media":1156,"comment_status":"closed","ping_status":"closed","sticky":false,"template":"","format":"standard","meta":{"_monsterinsights_skip_tracking":false,"_monsterinsights_sitenote_active":false,"_monsterinsights_sitenote_note":"","_monsterinsights_sitenote_category":0,"footnotes":""},"categories":[16],"tags":[],"class_list":["post-1155","post","type-post","status-publish","format-standard","has-post-thumbnail","hentry","category-noticias"],"yoast_head":"<!-- This site is optimized with the Yoast SEO plugin v27.2 - https:\/\/yoast.com\/product\/yoast-seo-wordpress\/ -->\n<title>V\u00eddeo presentaci\u00f3 de &quot;Qui la rima l&#039;endevina&quot; en la Fira del Llibre de Val\u00e8ncia<\/title>\n<meta name=\"robots\" content=\"index, follow, max-snippet:-1, max-image-preview:large, max-video-preview:-1\" \/>\n<link rel=\"canonical\" href=\"https:\/\/www.pacogimenez.com\/video-presentacion-de-qui-la-rima-lendevina-en-la-feria-del-libro\/\" \/>\n<meta property=\"og:locale\" content=\"es_ES\" \/>\n<meta property=\"og:type\" content=\"article\" \/>\n<meta property=\"og:title\" content=\"V\u00eddeo presentaci\u00f3 de &quot;Qui la rima l&#039;endevina&quot; en la Fira del Llibre de Val\u00e8ncia\" \/>\n<meta property=\"og:description\" content=\"En el marc de la 49a edici\u00f3 de la Fira del Llibre de Val\u00e8ncia, Manolo Gil entrevista a M\u00aa Dolors Pellicer i a Paco Gim\u00e9nez amb motiu de la publicaci\u00f3 d&#8217;un altre dels seus llibres. \u00a9 Gremi de Llibres de Val\u00e8ncia, producci\u00f3 Altriam Media &amp; Eventes, periodista Manolo Gil &nbsp; &nbsp;\" \/>\n<meta property=\"og:url\" content=\"https:\/\/www.pacogimenez.com\/video-presentacion-de-qui-la-rima-lendevina-en-la-feria-del-libro\/\" \/>\n<meta property=\"og:site_name\" content=\"(Espa\u00f1ol) Paco Gim\u00e9nez\" \/>\n<meta property=\"article:published_time\" content=\"2014-05-10T16:57:28+00:00\" \/>\n<meta property=\"article:modified_time\" content=\"2014-09-23T08:15:42+00:00\" \/>\n<meta property=\"og:image\" content=\"https:\/\/www.pacogimenez.com\/wp-content\/uploads\/pres-fira-del-llibre.jpg\" \/>\n\t<meta property=\"og:image:width\" content=\"720\" \/>\n\t<meta property=\"og:image:height\" content=\"190\" \/>\n\t<meta property=\"og:image:type\" content=\"image\/jpeg\" \/>\n<meta name=\"author\" content=\"admin\" \/>\n<meta name=\"twitter:label1\" content=\"Written by\" \/>\n\t<meta name=\"twitter:data1\" content=\"admin\" \/>\n\t<meta name=\"twitter:label2\" content=\"Est. reading time\" \/>\n\t<meta name=\"twitter:data2\" content=\"1 minute\" \/>\n<script type=\"application\/ld+json\" class=\"yoast-schema-graph\">{\"@context\":\"https:\/\/schema.org\",\"@graph\":[{\"@type\":\"Article\",\"@id\":\"https:\/\/www.pacogimenez.com\/video-presentacion-de-qui-la-rima-lendevina-en-la-feria-del-libro\/#article\",\"isPartOf\":{\"@id\":\"https:\/\/www.pacogimenez.com\/video-presentacion-de-qui-la-rima-lendevina-en-la-feria-del-libro\/\"},\"author\":{\"name\":\"admin\",\"@id\":\"https:\/\/www.pacogimenez.com\/#\/schema\/person\/9f329781fb1650669c332dfe4328f75d\"},\"headline\":\"V\u00eddeo presentaci\u00f3 de &#8220;Qui la rima l&#8217;endevina&#8221; en la Fira del Llibre de Val\u00e8ncia\",\"datePublished\":\"2014-05-10T16:57:28+00:00\",\"dateModified\":\"2014-09-23T08:15:42+00:00\",\"mainEntityOfPage\":{\"@id\":\"https:\/\/www.pacogimenez.com\/video-presentacion-de-qui-la-rima-lendevina-en-la-feria-del-libro\/\"},\"wordCount\":212,\"image\":{\"@id\":\"https:\/\/www.pacogimenez.com\/video-presentacion-de-qui-la-rima-lendevina-en-la-feria-del-libro\/#primaryimage\"},\"thumbnailUrl\":\"https:\/\/www.pacogimenez.com\/wp-content\/uploads\/pres-fira-del-llibre.jpg\",\"articleSection\":[\"Noticies\"],\"inLanguage\":\"es-CA\"},{\"@type\":\"WebPage\",\"@id\":\"https:\/\/www.pacogimenez.com\/video-presentacion-de-qui-la-rima-lendevina-en-la-feria-del-libro\/\",\"url\":\"https:\/\/www.pacogimenez.com\/video-presentacion-de-qui-la-rima-lendevina-en-la-feria-del-libro\/\",\"name\":\"V\u00eddeo presentaci\u00f3 de \\\"Qui la rima l'endevina\\\" en la Fira del Llibre de Val\u00e8ncia\",\"isPartOf\":{\"@id\":\"https:\/\/www.pacogimenez.com\/#website\"},\"primaryImageOfPage\":{\"@id\":\"https:\/\/www.pacogimenez.com\/video-presentacion-de-qui-la-rima-lendevina-en-la-feria-del-libro\/#primaryimage\"},\"image\":{\"@id\":\"https:\/\/www.pacogimenez.com\/video-presentacion-de-qui-la-rima-lendevina-en-la-feria-del-libro\/#primaryimage\"},\"thumbnailUrl\":\"https:\/\/www.pacogimenez.com\/wp-content\/uploads\/pres-fira-del-llibre.jpg\",\"datePublished\":\"2014-05-10T16:57:28+00:00\",\"dateModified\":\"2014-09-23T08:15:42+00:00\",\"author\":{\"@id\":\"https:\/\/www.pacogimenez.com\/#\/schema\/person\/9f329781fb1650669c332dfe4328f75d\"},\"inLanguage\":\"es-CA\",\"potentialAction\":[{\"@type\":\"ReadAction\",\"target\":[\"https:\/\/www.pacogimenez.com\/video-presentacion-de-qui-la-rima-lendevina-en-la-feria-del-libro\/\"]}]},{\"@type\":\"ImageObject\",\"inLanguage\":\"es-CA\",\"@id\":\"https:\/\/www.pacogimenez.com\/video-presentacion-de-qui-la-rima-lendevina-en-la-feria-del-libro\/#primaryimage\",\"url\":\"https:\/\/www.pacogimenez.com\/wp-content\/uploads\/pres-fira-del-llibre.jpg\",\"contentUrl\":\"https:\/\/www.pacogimenez.com\/wp-content\/uploads\/pres-fira-del-llibre.jpg\",\"width\":720,\"height\":190},{\"@type\":\"WebSite\",\"@id\":\"https:\/\/www.pacogimenez.com\/#website\",\"url\":\"https:\/\/www.pacogimenez.com\/\",\"name\":\"(Espa\u00f1ol) Paco Gim\u00e9nez\",\"description\":\"(Espa\u00f1ol) Paco Gim\u00e9nez\",\"potentialAction\":[{\"@type\":\"SearchAction\",\"target\":{\"@type\":\"EntryPoint\",\"urlTemplate\":\"https:\/\/www.pacogimenez.com\/?s={search_term_string}\"},\"query-input\":{\"@type\":\"PropertyValueSpecification\",\"valueRequired\":true,\"valueName\":\"search_term_string\"}}],\"inLanguage\":\"es-CA\"},{\"@type\":\"Person\",\"@id\":\"https:\/\/www.pacogimenez.com\/#\/schema\/person\/9f329781fb1650669c332dfe4328f75d\",\"name\":\"admin\",\"image\":{\"@type\":\"ImageObject\",\"inLanguage\":\"es-CA\",\"@id\":\"https:\/\/secure.gravatar.com\/avatar\/afc8f54b600f7a3b638398e596bd2b57a2d706f374eaa2cc81ea14c9d14f72cc?s=96&d=mm&r=g\",\"url\":\"https:\/\/secure.gravatar.com\/avatar\/afc8f54b600f7a3b638398e596bd2b57a2d706f374eaa2cc81ea14c9d14f72cc?s=96&d=mm&r=g\",\"contentUrl\":\"https:\/\/secure.gravatar.com\/avatar\/afc8f54b600f7a3b638398e596bd2b57a2d706f374eaa2cc81ea14c9d14f72cc?s=96&d=mm&r=g\",\"caption\":\"admin\"},\"url\":\"https:\/\/www.pacogimenez.com\/ca\/author\/admin\/\"}]}<\/script>\n<!-- \/ Yoast SEO plugin. -->","yoast_head_json":{"title":"V\u00eddeo presentaci\u00f3 de \"Qui la rima l'endevina\" en la Fira del Llibre de Val\u00e8ncia","robots":{"index":"index","follow":"follow","max-snippet":"max-snippet:-1","max-image-preview":"max-image-preview:large","max-video-preview":"max-video-preview:-1"},"canonical":"https:\/\/www.pacogimenez.com\/video-presentacion-de-qui-la-rima-lendevina-en-la-feria-del-libro\/","og_locale":"es_ES","og_type":"article","og_title":"V\u00eddeo presentaci\u00f3 de \"Qui la rima l'endevina\" en la Fira del Llibre de Val\u00e8ncia","og_description":"En el marc de la 49a edici\u00f3 de la Fira del Llibre de Val\u00e8ncia, Manolo Gil entrevista a M\u00aa Dolors Pellicer i a Paco Gim\u00e9nez amb motiu de la publicaci\u00f3 d&#8217;un altre dels seus llibres. \u00a9 Gremi de Llibres de Val\u00e8ncia, producci\u00f3 Altriam Media &amp; Eventes, periodista Manolo Gil &nbsp; &nbsp;","og_url":"https:\/\/www.pacogimenez.com\/video-presentacion-de-qui-la-rima-lendevina-en-la-feria-del-libro\/","og_site_name":"(Espa\u00f1ol) Paco Gim\u00e9nez","article_published_time":"2014-05-10T16:57:28+00:00","article_modified_time":"2014-09-23T08:15:42+00:00","og_image":[{"width":720,"height":190,"url":"https:\/\/www.pacogimenez.com\/wp-content\/uploads\/pres-fira-del-llibre.jpg","type":"image\/jpeg"}],"author":"admin","twitter_misc":{"Written by":"admin","Est. reading time":"1 minute"},"schema":{"@context":"https:\/\/schema.org","@graph":[{"@type":"Article","@id":"https:\/\/www.pacogimenez.com\/video-presentacion-de-qui-la-rima-lendevina-en-la-feria-del-libro\/#article","isPartOf":{"@id":"https:\/\/www.pacogimenez.com\/video-presentacion-de-qui-la-rima-lendevina-en-la-feria-del-libro\/"},"author":{"name":"admin","@id":"https:\/\/www.pacogimenez.com\/#\/schema\/person\/9f329781fb1650669c332dfe4328f75d"},"headline":"V\u00eddeo presentaci\u00f3 de &#8220;Qui la rima l&#8217;endevina&#8221; en la Fira del Llibre de Val\u00e8ncia","datePublished":"2014-05-10T16:57:28+00:00","dateModified":"2014-09-23T08:15:42+00:00","mainEntityOfPage":{"@id":"https:\/\/www.pacogimenez.com\/video-presentacion-de-qui-la-rima-lendevina-en-la-feria-del-libro\/"},"wordCount":212,"image":{"@id":"https:\/\/www.pacogimenez.com\/video-presentacion-de-qui-la-rima-lendevina-en-la-feria-del-libro\/#primaryimage"},"thumbnailUrl":"https:\/\/www.pacogimenez.com\/wp-content\/uploads\/pres-fira-del-llibre.jpg","articleSection":["Noticies"],"inLanguage":"es-CA"},{"@type":"WebPage","@id":"https:\/\/www.pacogimenez.com\/video-presentacion-de-qui-la-rima-lendevina-en-la-feria-del-libro\/","url":"https:\/\/www.pacogimenez.com\/video-presentacion-de-qui-la-rima-lendevina-en-la-feria-del-libro\/","name":"V\u00eddeo presentaci\u00f3 de \"Qui la rima l'endevina\" en la Fira del Llibre de Val\u00e8ncia","isPartOf":{"@id":"https:\/\/www.pacogimenez.com\/#website"},"primaryImageOfPage":{"@id":"https:\/\/www.pacogimenez.com\/video-presentacion-de-qui-la-rima-lendevina-en-la-feria-del-libro\/#primaryimage"},"image":{"@id":"https:\/\/www.pacogimenez.com\/video-presentacion-de-qui-la-rima-lendevina-en-la-feria-del-libro\/#primaryimage"},"thumbnailUrl":"https:\/\/www.pacogimenez.com\/wp-content\/uploads\/pres-fira-del-llibre.jpg","datePublished":"2014-05-10T16:57:28+00:00","dateModified":"2014-09-23T08:15:42+00:00","author":{"@id":"https:\/\/www.pacogimenez.com\/#\/schema\/person\/9f329781fb1650669c332dfe4328f75d"},"inLanguage":"es-CA","potentialAction":[{"@type":"ReadAction","target":["https:\/\/www.pacogimenez.com\/video-presentacion-de-qui-la-rima-lendevina-en-la-feria-del-libro\/"]}]},{"@type":"ImageObject","inLanguage":"es-CA","@id":"https:\/\/www.pacogimenez.com\/video-presentacion-de-qui-la-rima-lendevina-en-la-feria-del-libro\/#primaryimage","url":"https:\/\/www.pacogimenez.com\/wp-content\/uploads\/pres-fira-del-llibre.jpg","contentUrl":"https:\/\/www.pacogimenez.com\/wp-content\/uploads\/pres-fira-del-llibre.jpg","width":720,"height":190},{"@type":"WebSite","@id":"https:\/\/www.pacogimenez.com\/#website","url":"https:\/\/www.pacogimenez.com\/","name":"(Espa\u00f1ol) Paco Gim\u00e9nez","description":"(Espa\u00f1ol) Paco Gim\u00e9nez","potentialAction":[{"@type":"SearchAction","target":{"@type":"EntryPoint","urlTemplate":"https:\/\/www.pacogimenez.com\/?s={search_term_string}"},"query-input":{"@type":"PropertyValueSpecification","valueRequired":true,"valueName":"search_term_string"}}],"inLanguage":"es-CA"},{"@type":"Person","@id":"https:\/\/www.pacogimenez.com\/#\/schema\/person\/9f329781fb1650669c332dfe4328f75d","name":"admin","image":{"@type":"ImageObject","inLanguage":"es-CA","@id":"https:\/\/secure.gravatar.com\/avatar\/afc8f54b600f7a3b638398e596bd2b57a2d706f374eaa2cc81ea14c9d14f72cc?s=96&d=mm&r=g","url":"https:\/\/secure.gravatar.com\/avatar\/afc8f54b600f7a3b638398e596bd2b57a2d706f374eaa2cc81ea14c9d14f72cc?s=96&d=mm&r=g","contentUrl":"https:\/\/secure.gravatar.com\/avatar\/afc8f54b600f7a3b638398e596bd2b57a2d706f374eaa2cc81ea14c9d14f72cc?s=96&d=mm&r=g","caption":"admin"},"url":"https:\/\/www.pacogimenez.com\/ca\/author\/admin\/"}]}},"_links":{"self":[{"href":"https:\/\/www.pacogimenez.com\/ca\/wp-json\/wp\/v2\/posts\/1155","targetHints":{"allow":["GET"]}}],"collection":[{"href":"https:\/\/www.pacogimenez.com\/ca\/wp-json\/wp\/v2\/posts"}],"about":[{"href":"https:\/\/www.pacogimenez.com\/ca\/wp-json\/wp\/v2\/types\/post"}],"author":[{"embeddable":true,"href":"https:\/\/www.pacogimenez.com\/ca\/wp-json\/wp\/v2\/users\/1"}],"replies":[{"embeddable":true,"href":"https:\/\/www.pacogimenez.com\/ca\/wp-json\/wp\/v2\/comments?post=1155"}],"version-history":[{"count":19,"href":"https:\/\/www.pacogimenez.com\/ca\/wp-json\/wp\/v2\/posts\/1155\/revisions"}],"predecessor-version":[{"id":1472,"href":"https:\/\/www.pacogimenez.com\/ca\/wp-json\/wp\/v2\/posts\/1155\/revisions\/1472"}],"wp:featuredmedia":[{"embeddable":true,"href":"https:\/\/www.pacogimenez.com\/ca\/wp-json\/wp\/v2\/media\/1156"}],"wp:attachment":[{"href":"https:\/\/www.pacogimenez.com\/ca\/wp-json\/wp\/v2\/media?parent=1155"}],"wp:term":[{"taxonomy":"category","embeddable":true,"href":"https:\/\/www.pacogimenez.com\/ca\/wp-json\/wp\/v2\/categories?post=1155"},{"taxonomy":"post_tag","embeddable":true,"href":"https:\/\/www.pacogimenez.com\/ca\/wp-json\/wp\/v2\/tags?post=1155"}],"curies":[{"name":"wp","href":"https:\/\/api.w.org\/{rel}","templated":true}]}}