{"id":1123,"date":"2013-12-15T22:15:14","date_gmt":"2013-12-15T16:15:14","guid":{"rendered":"http:\/\/www.pacogimenez.com\/?p=1123"},"modified":"2015-07-02T15:41:04","modified_gmt":"2015-07-02T13:41:04","slug":"versos-conversos-en-el-boletin-de-la-apiv","status":"publish","type":"post","link":"https:\/\/www.pacogimenez.com\/ca\/versos-conversos-en-el-boletin-de-la-apiv\/","title":{"rendered":"&#8220;&#8230; versos conversos&#8230;&#8221; en el butllet\u00ed de l&#8217;APIV"},"content":{"rendered":"<p>Amb motiu de la presentaci\u00f3 del llibre &#8220;Diversos i dispersos versos conversos i perversos dels universos&#8221; es va publicar una ressenya de <strong>\u00c0ro<\/strong> en el butllet\u00ed de\u00a0la Associaci\u00f3 Professional d&#8217;Il\u00b7lustradors de Val\u00e8ncia, El pes digital, 81.<\/p>\n<p>&#8220;(&#8230;) Un llibre que compta amb un disseny atractiu i que crida l\u2019atenci\u00f3 del lector, a m\u00e9s de pel llarg i descriptiu t\u00edtol, per la portada que resulta realment impactant (&#8230;)<\/p>\n<p>El mestre de cerim\u00f2nies va ser el tamb\u00e9 escriptor i contacontes, <strong>Carles Cano<\/strong> que va voler que la llibreria es convertira per unes hores en una esp\u00e8cie de taverna on ell mateix, amb l\u2019ajuda del seu company <strong>Lloren\u00e7 Gim\u00e9nez<\/strong>, va servir un potent i arom\u00e0tic rom que, sens dubte, va predisposar als assistents a no deixar de somriure durant tot l&#8217;acte.<\/p>\n<p>(&#8230;) <strong>Josep Ballester<\/strong>, un escriptor amb una \u00e0mplia traject\u00f2ria que ha publicat obres de tots els g\u00e8neres literaris. Els poemes, que mostren una amplia galeria de personatges de la literatura universal, han servit d\u2019excusa a Paco Gim\u00e9nez per a endinsar-se en el m\u00f3n dels contes cl\u00e0ssics. Per les p\u00e0gines del llibre desfilen personatges molt coneguts, que pertanyen a hores d\u2019ara a l\u2019imaginari col\u00b7lectiu: Pinotxo, John Silver, Alicia, les reines bruixes&#8230; Per a la realitzaci\u00f3 de les imatges s\u2019han utilitzat dos colors, i totes les seues combinacions, i s\u00f3n un pas m\u00e9s cap a la abstracci\u00f3 de la l\u00ednia i l\u2019estalvi de recursos gr\u00e0fics que cada vegada s\u2019aprecia m\u00e9s en l\u2019obra de Paco Gim\u00e9nez. Quan observes amb detall els dibuixos t&#8217;adones de la quantitat de refer\u00e8ncies que contenen, que indiquen un treball de recerca exhaustiu per part de l\u2019autor i que ens remeten a les imatges originals lluny de les successives interfer\u00e8ncies a les que han estat sotmesos al llarg dels anys. (&#8230;)<br \/>\n&nbsp;<\/p>\n<p><a href=\"http:\/\/www.pacogimenez.com\/wp-content\/uploads\/presentacio-versos-APIV1.jpg\"><img loading=\"lazy\" decoding=\"async\" class=\"alignnone size-full wp-image-1126\" alt=\"presentacio-versos-APIV1\" src=\"http:\/\/www.pacogimenez.com\/wp-content\/uploads\/presentacio-versos-APIV1.jpg\" width=\"960\" height=\"641\" srcset=\"https:\/\/www.pacogimenez.com\/wp-content\/uploads\/presentacio-versos-APIV1.jpg 960w, https:\/\/www.pacogimenez.com\/wp-content\/uploads\/presentacio-versos-APIV1-300x200.jpg 300w\" sizes=\"auto, (max-width: 960px) 100vw, 960px\" \/><\/a><\/p>\n<h1><a href=\"http:\/\/www.pacogimenez.com\/wp-content\/uploads\/presentacio-versos-APIV2.jpg\"><img loading=\"lazy\" decoding=\"async\" class=\"alignnone size-full wp-image-1127\" alt=\"presentacio-versos-APIV2\" src=\"http:\/\/www.pacogimenez.com\/wp-content\/uploads\/presentacio-versos-APIV2.jpg\" width=\"960\" height=\"641\" srcset=\"https:\/\/www.pacogimenez.com\/wp-content\/uploads\/presentacio-versos-APIV2.jpg 960w, https:\/\/www.pacogimenez.com\/wp-content\/uploads\/presentacio-versos-APIV2-300x200.jpg 300w\" sizes=\"auto, (max-width: 960px) 100vw, 960px\" \/><\/a><\/h1>\n<p>Fotografies de Toni Benlliure<\/p>\n<p>Veure <a title=\"il\u00b7lustracions\" href=\"http:\/\/www.pacogimenez.com\/ca\/gallery\/versos-conversos\/\" target=\"_blank\">il\u00b7lustracions<\/a> d&#8217;aquest llibre<br \/>\n&nbsp;<br \/>\n&nbsp;<\/p>\n<p>Altres not\u00edcies d&#8217;aquest llibre:<br \/>\nPortada i resenya <a title=\"en CLIJ\" href=\"http:\/\/www.pacogimenez.com\/ca\/portada-y-amplia-resena-en-clij\/\" target=\"_blank\">en CLIJ<\/a><br \/>\nRessenya en &#8216;Lletres Valencianes: <a title=\"Premis 2014\" href=\"http:\/\/www.pacogimenez.com\/ca\/resena-en-lletres-valencianes-especial-premis-de-la-generalitat\/\" target=\"_blank\">Premis 2014<\/a>&#8216;<br \/>\nPremi al <a title=\"Llibre Millor Editat de 2013\" href=\" http:\/\/www.pacogimenez.com\/ca\/premi-al-llibre-millor-editat-de-2013\/\" target=\"_blank\">Llibre Millor Editat de 2013<\/a><br \/>\nPremi al Llibre Millor Editat, en el <a title=\"Portal del Llibre\" href=\"http:\/\/www.llibresvalencians.com\/LeditorialPerifuricguanyaelPremialLlibreMillorEditat_va_1_2792_0.html\" target=\"_blank\">Portal del Llibre<\/a> i en el <a title=\"Diario Levante\" href=\"http:\/\/www.levante-emv.com\/cultura\/2014\/10\/18\/editorial-periferic-gana-premio-libro\/1175897.html\" target=\"_blank\">Diario Levante<\/a><br \/>\nPremi <a title=\"Samaruc 2014\" href=\"http:\/\/www.pacogimenez.com\/ca\/premi-samaruc-para-versos-conversos\/\" target=\"_blank\">Samaruc 2014<\/a><br \/>\nV\u00eddeo entrevista en el programa <a title=\"'Un Pa\u00eds de Llibre'\" href=\" http:\/\/www.pacogimenez.com\/ca\/el-libro-vesos-conversos-en-un-pais-de-llibre\/\" target=\"_blank\">&#8216;Un Pa\u00eds de Llibre&#8217;<\/a><br \/>\nPresentaci\u00f3 en la <a title=\"Llibreria 3i4\" href=\"http:\/\/www.pacogimenez.com\/ca\/presentacion-de-versos-conversos-en-la-libreria-3-4\/\" target=\"_blank\">Llibreria 3i4<\/a><br \/>\nResenya en <a title=\"\"Lletres Valencianes\"\" href=\"http:\/\/www.pacogimenez.com\/ca\/nueve-personajes-en-busca-de-poeta\/\" target=\"_blank\">&#8220;Lletres Valencianes&#8221;<\/a><br \/>\nV\u00eddeo presentaci\u00f3 en la <a title=\"Fira del Llibre\" href=\"http:\/\/www.pacogimenez.com\/ca\/presentacion-del-libro-diversos-y-dispersos-versos-conversos-y-perversos-de-los-universos\/\" target=\"_blank\">Fira del Llibre<\/a><\/p>","protected":false},"excerpt":{"rendered":"<p>Amb motiu de la presentaci\u00f3 del llibre &#8220;Diversos i dispersos versos conversos i perversos dels universos&#8221; es va publicar una ressenya de \u00c0ro en el butllet\u00ed de\u00a0la Associaci\u00f3 Professional d&#8217;Il\u00b7lustradors de Val\u00e8ncia, El pes digital, 81. &#8220;(&#8230;) Un llibre que compta amb un disseny atractiu i que crida l\u2019atenci\u00f3 del lector, a m\u00e9s de pel&#8230;<\/p>\n","protected":false},"author":1,"featured_media":1125,"comment_status":"closed","ping_status":"closed","sticky":false,"template":"","format":"standard","meta":{"_monsterinsights_skip_tracking":false,"_monsterinsights_sitenote_active":false,"_monsterinsights_sitenote_note":"","_monsterinsights_sitenote_category":0,"footnotes":""},"categories":[16],"tags":[],"class_list":["post-1123","post","type-post","status-publish","format-standard","has-post-thumbnail","hentry","category-noticias"],"yoast_head":"<!-- This site is optimized with the Yoast SEO plugin v27.2 - https:\/\/yoast.com\/product\/yoast-seo-wordpress\/ -->\n<title>&quot;... versos conversos...&quot; en el butllet\u00ed de l&#039;APIV<\/title>\n<meta name=\"robots\" content=\"index, follow, max-snippet:-1, max-image-preview:large, max-video-preview:-1\" \/>\n<link rel=\"canonical\" href=\"https:\/\/www.pacogimenez.com\/versos-conversos-en-el-boletin-de-la-apiv\/\" \/>\n<meta property=\"og:locale\" content=\"es_ES\" \/>\n<meta property=\"og:type\" content=\"article\" \/>\n<meta property=\"og:title\" content=\"&quot;... versos conversos...&quot; en el butllet\u00ed de l&#039;APIV\" \/>\n<meta property=\"og:description\" content=\"Amb motiu de la presentaci\u00f3 del llibre &#8220;Diversos i dispersos versos conversos i perversos dels universos&#8221; es va publicar una ressenya de \u00c0ro en el butllet\u00ed de\u00a0la Associaci\u00f3 Professional d&#8217;Il\u00b7lustradors de Val\u00e8ncia, El pes digital, 81. &#8220;(&#8230;) Un llibre que compta amb un disseny atractiu i que crida l\u2019atenci\u00f3 del lector, a m\u00e9s de pel...\" \/>\n<meta property=\"og:url\" content=\"https:\/\/www.pacogimenez.com\/versos-conversos-en-el-boletin-de-la-apiv\/\" \/>\n<meta property=\"og:site_name\" content=\"(Espa\u00f1ol) Paco Gim\u00e9nez\" \/>\n<meta property=\"article:published_time\" content=\"2013-12-15T16:15:14+00:00\" \/>\n<meta property=\"article:modified_time\" content=\"2015-07-02T13:41:04+00:00\" \/>\n<meta property=\"og:image\" content=\"https:\/\/www.pacogimenez.com\/wp-content\/uploads\/presentacio-versos-APIV.jpg\" \/>\n\t<meta property=\"og:image:width\" content=\"720\" \/>\n\t<meta property=\"og:image:height\" content=\"190\" \/>\n\t<meta property=\"og:image:type\" content=\"image\/jpeg\" \/>\n<meta name=\"author\" content=\"admin\" \/>\n<meta name=\"twitter:label1\" content=\"Written by\" \/>\n\t<meta name=\"twitter:data1\" content=\"admin\" \/>\n\t<meta name=\"twitter:label2\" content=\"Est. reading time\" \/>\n\t<meta name=\"twitter:data2\" content=\"6 minutes\" \/>\n<script type=\"application\/ld+json\" class=\"yoast-schema-graph\">{\"@context\":\"https:\/\/schema.org\",\"@graph\":[{\"@type\":\"Article\",\"@id\":\"https:\/\/www.pacogimenez.com\/versos-conversos-en-el-boletin-de-la-apiv\/#article\",\"isPartOf\":{\"@id\":\"https:\/\/www.pacogimenez.com\/versos-conversos-en-el-boletin-de-la-apiv\/\"},\"author\":{\"name\":\"admin\",\"@id\":\"https:\/\/www.pacogimenez.com\/#\/schema\/person\/9f329781fb1650669c332dfe4328f75d\"},\"headline\":\"&#8220;&#8230; versos conversos&#8230;&#8221; en el butllet\u00ed de l&#8217;APIV\",\"datePublished\":\"2013-12-15T16:15:14+00:00\",\"dateModified\":\"2015-07-02T13:41:04+00:00\",\"mainEntityOfPage\":{\"@id\":\"https:\/\/www.pacogimenez.com\/versos-conversos-en-el-boletin-de-la-apiv\/\"},\"wordCount\":1228,\"image\":{\"@id\":\"https:\/\/www.pacogimenez.com\/versos-conversos-en-el-boletin-de-la-apiv\/#primaryimage\"},\"thumbnailUrl\":\"https:\/\/www.pacogimenez.com\/wp-content\/uploads\/presentacio-versos-APIV.jpg\",\"articleSection\":[\"Noticies\"],\"inLanguage\":\"es-CA\"},{\"@type\":\"WebPage\",\"@id\":\"https:\/\/www.pacogimenez.com\/versos-conversos-en-el-boletin-de-la-apiv\/\",\"url\":\"https:\/\/www.pacogimenez.com\/versos-conversos-en-el-boletin-de-la-apiv\/\",\"name\":\"\\\"... versos conversos...\\\" en el butllet\u00ed de l'APIV\",\"isPartOf\":{\"@id\":\"https:\/\/www.pacogimenez.com\/#website\"},\"primaryImageOfPage\":{\"@id\":\"https:\/\/www.pacogimenez.com\/versos-conversos-en-el-boletin-de-la-apiv\/#primaryimage\"},\"image\":{\"@id\":\"https:\/\/www.pacogimenez.com\/versos-conversos-en-el-boletin-de-la-apiv\/#primaryimage\"},\"thumbnailUrl\":\"https:\/\/www.pacogimenez.com\/wp-content\/uploads\/presentacio-versos-APIV.jpg\",\"datePublished\":\"2013-12-15T16:15:14+00:00\",\"dateModified\":\"2015-07-02T13:41:04+00:00\",\"author\":{\"@id\":\"https:\/\/www.pacogimenez.com\/#\/schema\/person\/9f329781fb1650669c332dfe4328f75d\"},\"inLanguage\":\"es-CA\",\"potentialAction\":[{\"@type\":\"ReadAction\",\"target\":[\"https:\/\/www.pacogimenez.com\/versos-conversos-en-el-boletin-de-la-apiv\/\"]}]},{\"@type\":\"ImageObject\",\"inLanguage\":\"es-CA\",\"@id\":\"https:\/\/www.pacogimenez.com\/versos-conversos-en-el-boletin-de-la-apiv\/#primaryimage\",\"url\":\"https:\/\/www.pacogimenez.com\/wp-content\/uploads\/presentacio-versos-APIV.jpg\",\"contentUrl\":\"https:\/\/www.pacogimenez.com\/wp-content\/uploads\/presentacio-versos-APIV.jpg\",\"width\":720,\"height\":190},{\"@type\":\"WebSite\",\"@id\":\"https:\/\/www.pacogimenez.com\/#website\",\"url\":\"https:\/\/www.pacogimenez.com\/\",\"name\":\"(Espa\u00f1ol) Paco Gim\u00e9nez\",\"description\":\"(Espa\u00f1ol) Paco Gim\u00e9nez\",\"potentialAction\":[{\"@type\":\"SearchAction\",\"target\":{\"@type\":\"EntryPoint\",\"urlTemplate\":\"https:\/\/www.pacogimenez.com\/?s={search_term_string}\"},\"query-input\":{\"@type\":\"PropertyValueSpecification\",\"valueRequired\":true,\"valueName\":\"search_term_string\"}}],\"inLanguage\":\"es-CA\"},{\"@type\":\"Person\",\"@id\":\"https:\/\/www.pacogimenez.com\/#\/schema\/person\/9f329781fb1650669c332dfe4328f75d\",\"name\":\"admin\",\"image\":{\"@type\":\"ImageObject\",\"inLanguage\":\"es-CA\",\"@id\":\"https:\/\/secure.gravatar.com\/avatar\/afc8f54b600f7a3b638398e596bd2b57a2d706f374eaa2cc81ea14c9d14f72cc?s=96&d=mm&r=g\",\"url\":\"https:\/\/secure.gravatar.com\/avatar\/afc8f54b600f7a3b638398e596bd2b57a2d706f374eaa2cc81ea14c9d14f72cc?s=96&d=mm&r=g\",\"contentUrl\":\"https:\/\/secure.gravatar.com\/avatar\/afc8f54b600f7a3b638398e596bd2b57a2d706f374eaa2cc81ea14c9d14f72cc?s=96&d=mm&r=g\",\"caption\":\"admin\"},\"url\":\"https:\/\/www.pacogimenez.com\/ca\/author\/admin\/\"}]}<\/script>\n<!-- \/ Yoast SEO plugin. -->","yoast_head_json":{"title":"\"... versos conversos...\" en el butllet\u00ed de l'APIV","robots":{"index":"index","follow":"follow","max-snippet":"max-snippet:-1","max-image-preview":"max-image-preview:large","max-video-preview":"max-video-preview:-1"},"canonical":"https:\/\/www.pacogimenez.com\/versos-conversos-en-el-boletin-de-la-apiv\/","og_locale":"es_ES","og_type":"article","og_title":"\"... versos conversos...\" en el butllet\u00ed de l'APIV","og_description":"Amb motiu de la presentaci\u00f3 del llibre &#8220;Diversos i dispersos versos conversos i perversos dels universos&#8221; es va publicar una ressenya de \u00c0ro en el butllet\u00ed de\u00a0la Associaci\u00f3 Professional d&#8217;Il\u00b7lustradors de Val\u00e8ncia, El pes digital, 81. &#8220;(&#8230;) Un llibre que compta amb un disseny atractiu i que crida l\u2019atenci\u00f3 del lector, a m\u00e9s de pel...","og_url":"https:\/\/www.pacogimenez.com\/versos-conversos-en-el-boletin-de-la-apiv\/","og_site_name":"(Espa\u00f1ol) Paco Gim\u00e9nez","article_published_time":"2013-12-15T16:15:14+00:00","article_modified_time":"2015-07-02T13:41:04+00:00","og_image":[{"width":720,"height":190,"url":"https:\/\/www.pacogimenez.com\/wp-content\/uploads\/presentacio-versos-APIV.jpg","type":"image\/jpeg"}],"author":"admin","twitter_misc":{"Written by":"admin","Est. reading time":"6 minutes"},"schema":{"@context":"https:\/\/schema.org","@graph":[{"@type":"Article","@id":"https:\/\/www.pacogimenez.com\/versos-conversos-en-el-boletin-de-la-apiv\/#article","isPartOf":{"@id":"https:\/\/www.pacogimenez.com\/versos-conversos-en-el-boletin-de-la-apiv\/"},"author":{"name":"admin","@id":"https:\/\/www.pacogimenez.com\/#\/schema\/person\/9f329781fb1650669c332dfe4328f75d"},"headline":"&#8220;&#8230; versos conversos&#8230;&#8221; en el butllet\u00ed de l&#8217;APIV","datePublished":"2013-12-15T16:15:14+00:00","dateModified":"2015-07-02T13:41:04+00:00","mainEntityOfPage":{"@id":"https:\/\/www.pacogimenez.com\/versos-conversos-en-el-boletin-de-la-apiv\/"},"wordCount":1228,"image":{"@id":"https:\/\/www.pacogimenez.com\/versos-conversos-en-el-boletin-de-la-apiv\/#primaryimage"},"thumbnailUrl":"https:\/\/www.pacogimenez.com\/wp-content\/uploads\/presentacio-versos-APIV.jpg","articleSection":["Noticies"],"inLanguage":"es-CA"},{"@type":"WebPage","@id":"https:\/\/www.pacogimenez.com\/versos-conversos-en-el-boletin-de-la-apiv\/","url":"https:\/\/www.pacogimenez.com\/versos-conversos-en-el-boletin-de-la-apiv\/","name":"\"... versos conversos...\" en el butllet\u00ed de l'APIV","isPartOf":{"@id":"https:\/\/www.pacogimenez.com\/#website"},"primaryImageOfPage":{"@id":"https:\/\/www.pacogimenez.com\/versos-conversos-en-el-boletin-de-la-apiv\/#primaryimage"},"image":{"@id":"https:\/\/www.pacogimenez.com\/versos-conversos-en-el-boletin-de-la-apiv\/#primaryimage"},"thumbnailUrl":"https:\/\/www.pacogimenez.com\/wp-content\/uploads\/presentacio-versos-APIV.jpg","datePublished":"2013-12-15T16:15:14+00:00","dateModified":"2015-07-02T13:41:04+00:00","author":{"@id":"https:\/\/www.pacogimenez.com\/#\/schema\/person\/9f329781fb1650669c332dfe4328f75d"},"inLanguage":"es-CA","potentialAction":[{"@type":"ReadAction","target":["https:\/\/www.pacogimenez.com\/versos-conversos-en-el-boletin-de-la-apiv\/"]}]},{"@type":"ImageObject","inLanguage":"es-CA","@id":"https:\/\/www.pacogimenez.com\/versos-conversos-en-el-boletin-de-la-apiv\/#primaryimage","url":"https:\/\/www.pacogimenez.com\/wp-content\/uploads\/presentacio-versos-APIV.jpg","contentUrl":"https:\/\/www.pacogimenez.com\/wp-content\/uploads\/presentacio-versos-APIV.jpg","width":720,"height":190},{"@type":"WebSite","@id":"https:\/\/www.pacogimenez.com\/#website","url":"https:\/\/www.pacogimenez.com\/","name":"(Espa\u00f1ol) Paco Gim\u00e9nez","description":"(Espa\u00f1ol) Paco Gim\u00e9nez","potentialAction":[{"@type":"SearchAction","target":{"@type":"EntryPoint","urlTemplate":"https:\/\/www.pacogimenez.com\/?s={search_term_string}"},"query-input":{"@type":"PropertyValueSpecification","valueRequired":true,"valueName":"search_term_string"}}],"inLanguage":"es-CA"},{"@type":"Person","@id":"https:\/\/www.pacogimenez.com\/#\/schema\/person\/9f329781fb1650669c332dfe4328f75d","name":"admin","image":{"@type":"ImageObject","inLanguage":"es-CA","@id":"https:\/\/secure.gravatar.com\/avatar\/afc8f54b600f7a3b638398e596bd2b57a2d706f374eaa2cc81ea14c9d14f72cc?s=96&d=mm&r=g","url":"https:\/\/secure.gravatar.com\/avatar\/afc8f54b600f7a3b638398e596bd2b57a2d706f374eaa2cc81ea14c9d14f72cc?s=96&d=mm&r=g","contentUrl":"https:\/\/secure.gravatar.com\/avatar\/afc8f54b600f7a3b638398e596bd2b57a2d706f374eaa2cc81ea14c9d14f72cc?s=96&d=mm&r=g","caption":"admin"},"url":"https:\/\/www.pacogimenez.com\/ca\/author\/admin\/"}]}},"_links":{"self":[{"href":"https:\/\/www.pacogimenez.com\/ca\/wp-json\/wp\/v2\/posts\/1123","targetHints":{"allow":["GET"]}}],"collection":[{"href":"https:\/\/www.pacogimenez.com\/ca\/wp-json\/wp\/v2\/posts"}],"about":[{"href":"https:\/\/www.pacogimenez.com\/ca\/wp-json\/wp\/v2\/types\/post"}],"author":[{"embeddable":true,"href":"https:\/\/www.pacogimenez.com\/ca\/wp-json\/wp\/v2\/users\/1"}],"replies":[{"embeddable":true,"href":"https:\/\/www.pacogimenez.com\/ca\/wp-json\/wp\/v2\/comments?post=1123"}],"version-history":[{"count":83,"href":"https:\/\/www.pacogimenez.com\/ca\/wp-json\/wp\/v2\/posts\/1123\/revisions"}],"predecessor-version":[{"id":4181,"href":"https:\/\/www.pacogimenez.com\/ca\/wp-json\/wp\/v2\/posts\/1123\/revisions\/4181"}],"wp:featuredmedia":[{"embeddable":true,"href":"https:\/\/www.pacogimenez.com\/ca\/wp-json\/wp\/v2\/media\/1125"}],"wp:attachment":[{"href":"https:\/\/www.pacogimenez.com\/ca\/wp-json\/wp\/v2\/media?parent=1123"}],"wp:term":[{"taxonomy":"category","embeddable":true,"href":"https:\/\/www.pacogimenez.com\/ca\/wp-json\/wp\/v2\/categories?post=1123"},{"taxonomy":"post_tag","embeddable":true,"href":"https:\/\/www.pacogimenez.com\/ca\/wp-json\/wp\/v2\/tags?post=1123"}],"curies":[{"name":"wp","href":"https:\/\/api.w.org\/{rel}","templated":true}]}}